{"id":424,"date":"2023-05-29T08:13:22","date_gmt":"2023-05-29T08:13:22","guid":{"rendered":"https:\/\/www.lamastore.es\/blog\/?p=424"},"modified":"2024-10-29T09:45:42","modified_gmt":"2024-10-29T09:45:42","slug":"cultivos-de-verano","status":"publish","type":"post","link":"https:\/\/www.lamastore.es\/blog\/cultivos-de-verano\/","title":{"rendered":"Qu\u00e9 y c\u00f3mo cultivar en verano en Espa\u00f1a"},"content":{"rendered":"\n<h2 class=\"wp-block-heading\"><span class=\"ez-toc-section\" id=\"%C2%BFQue-se-puede-plantar-y-cultivar-en-verano\"><\/span>\u00bfQu\u00e9 se puede plantar y cultivar en verano?<span class=\"ez-toc-section-end\"><\/span><\/h2><div id=\"ez-toc-container\" class=\"ez-toc-v2_0_79_2 counter-hierarchy ez-toc-counter ez-toc-grey ez-toc-container-direction\">\n<p class=\"ez-toc-title\" style=\"cursor:inherit\">\u00cdndice de contenidos<\/p>\n<label for=\"ez-toc-cssicon-toggle-item-69ee532620844\" class=\"ez-toc-cssicon-toggle-label\"><span class=\"\"><span class=\"eztoc-hide\" style=\"display:none;\">Toggle<\/span><span class=\"ez-toc-icon-toggle-span\"><svg style=\"fill: #999;color:#999\" xmlns=\"http:\/\/www.w3.org\/2000\/svg\" class=\"list-377408\" width=\"20px\" height=\"20px\" viewBox=\"0 0 24 24\" fill=\"none\"><path d=\"M6 6H4v2h2V6zm14 0H8v2h12V6zM4 11h2v2H4v-2zm16 0H8v2h12v-2zM4 16h2v2H4v-2zm16 0H8v2h12v-2z\" fill=\"currentColor\"><\/path><\/svg><svg style=\"fill: #999;color:#999\" class=\"arrow-unsorted-368013\" xmlns=\"http:\/\/www.w3.org\/2000\/svg\" width=\"10px\" height=\"10px\" viewBox=\"0 0 24 24\" version=\"1.2\" baseProfile=\"tiny\"><path d=\"M18.2 9.3l-6.2-6.3-6.2 6.3c-.2.2-.3.4-.3.7s.1.5.3.7c.2.2.4.3.7.3h11c.3 0 .5-.1.7-.3.2-.2.3-.5.3-.7s-.1-.5-.3-.7zM5.8 14.7l6.2 6.3 6.2-6.3c.2-.2.3-.5.3-.7s-.1-.5-.3-.7c-.2-.2-.4-.3-.7-.3h-11c-.3 0-.5.1-.7.3-.2.2-.3.5-.3.7s.1.5.3.7z\"\/><\/svg><\/span><\/span><\/label><input type=\"checkbox\"  id=\"ez-toc-cssicon-toggle-item-69ee532620844\"  aria-label=\"Alternar\" \/><nav><ul class='ez-toc-list ez-toc-list-level-1 ' ><li class='ez-toc-page-1 ez-toc-heading-level-2'><a class=\"ez-toc-link ez-toc-heading-1\" href=\"https:\/\/www.lamastore.es\/blog\/cultivos-de-verano\/#%C2%BFQue-se-puede-plantar-y-cultivar-en-verano\" >\u00bfQu\u00e9 se puede plantar y cultivar en verano?<\/a><ul class='ez-toc-list-level-3' ><li class='ez-toc-heading-level-3'><a class=\"ez-toc-link ez-toc-heading-2\" href=\"https:\/\/www.lamastore.es\/blog\/cultivos-de-verano\/#Cultivo-de-hortalizas-en-verano-%C2%BFCuales-son-las-mejores-opciones\" >Cultivo de hortalizas en verano: \u00bfCu\u00e1les son las mejores opciones?<\/a><\/li><li class='ez-toc-page-1 ez-toc-heading-level-3'><a class=\"ez-toc-link ez-toc-heading-3\" href=\"https:\/\/www.lamastore.es\/blog\/cultivos-de-verano\/#Las-mejores-frutas-para-cultivar-en-verano\" >Las mejores frutas para cultivar en verano<\/a><\/li><\/ul><\/li><li class='ez-toc-page-1 ez-toc-heading-level-2'><a class=\"ez-toc-link ez-toc-heading-4\" href=\"https:\/\/www.lamastore.es\/blog\/cultivos-de-verano\/#Lo-que-tienes-que-saber-antes-de-empezar-a-cultivar-en-verano-en-Espana\" >Lo que tienes que saber antes de empezar a cultivar en verano en Espa\u00f1a<\/a><ul class='ez-toc-list-level-3' ><li class='ez-toc-heading-level-3'><a class=\"ez-toc-link ez-toc-heading-5\" href=\"https:\/\/www.lamastore.es\/blog\/cultivos-de-verano\/#Como-preparar-el-suelo-para-el-verano\" >C\u00f3mo preparar el suelo para el verano<\/a><\/li><li class='ez-toc-page-1 ez-toc-heading-level-3'><a class=\"ez-toc-link ez-toc-heading-6\" href=\"https:\/\/www.lamastore.es\/blog\/cultivos-de-verano\/#Como-mantener-tus-cultivos-hidratados-en-los-dias-mas-calurosos\" >C\u00f3mo mantener tus cultivos hidratados en los d\u00edas m\u00e1s calurosos<\/a><\/li><li class='ez-toc-page-1 ez-toc-heading-level-3'><a class=\"ez-toc-link ez-toc-heading-7\" href=\"https:\/\/www.lamastore.es\/blog\/cultivos-de-verano\/#Como-almacenar-frutas-y-verduras-recien-cosechadas\" >C\u00f3mo almacenar frutas y verduras reci\u00e9n cosechadas<\/a><\/li><\/ul><\/li><li class='ez-toc-page-1 ez-toc-heading-level-2'><a class=\"ez-toc-link ez-toc-heading-8\" href=\"https:\/\/www.lamastore.es\/blog\/cultivos-de-verano\/#%C2%BFCuales-son-las-mejores-opciones-para-cultivar-en-esta-epoca-del-ano\" >\u00bfCu\u00e1les son las mejores opciones para cultivar en esta \u00e9poca del a\u00f1o?<\/a><\/li><li class='ez-toc-page-1 ez-toc-heading-level-2'><a class=\"ez-toc-link ez-toc-heading-9\" href=\"https:\/\/www.lamastore.es\/blog\/cultivos-de-verano\/#%C2%BFCuando-es-el-mejor-momento-para-sembrar-y-cosechar-en-verano\" >\u00bfCu\u00e1ndo es el mejor momento para sembrar y cosechar en verano?<\/a><\/li><\/ul><\/nav><\/div>\n\n\n\n\n<p>Hay una abundante lista de <strong>cultivos de verano<\/strong> que se pueden plantar en esta estaci\u00f3n, tal y como veremos m\u00e1s adelante. Se pueden sembrar en primavera y cosechar en verano o en los meses calurosos. Ahora te explicaremos <strong>qu\u00e9 plantar en verano en la huerta<\/strong>.<\/p>\n\n\n\n<h3 class=\"wp-block-heading\"><span class=\"ez-toc-section\" id=\"Cultivo-de-hortalizas-en-verano-%C2%BFCuales-son-las-mejores-opciones\"><\/span>Cultivo de hortalizas en verano: \u00bfCu\u00e1les son las mejores opciones?<span class=\"ez-toc-section-end\"><\/span><\/h3>\n\n\n\n<p>Como sabr\u00e1s, no todas las plantas prosperan en las altas temperaturas y el sol intenso de la temporada estival. Por eso, en este art\u00edculo te contaremos cu\u00e1les son las mejores opciones de <strong>cultivo de hortalizas en verano<\/strong> para obtener una cosecha abundante y deliciosa:<\/p>\n\n\n\n<ul class=\"wp-block-list\">\n<li><strong>Tomates<\/strong>. El tomate se usa en una gran variedad de platos, de ah\u00ed que sea una de las hortalizas favoritas de los consumidores. Las semillas se plantan en primavera y se cosechan en verano (julio y agosto).<\/li>\n\n\n\n<li><strong>Lechugas<\/strong>. Esta tiene una gran variedad de tipolog\u00edas, por lo tanto, los tipos de semillas son numerosos. Lo ideal es plantar en primavera, no obstante, lo puedes hacer hasta el inicio del verano. Se pueden recolectar al cabo de 60 d\u00edas.<\/li>\n\n\n\n<li><strong>Calabazas<\/strong>. Esta hortaliza tiende a asociarse con el oto\u00f1o, ya que es cuando m\u00e1s se ve en los mercados. No obstante, se cultivan en verano, ya que es cuando m\u00e1s sol necesitan. Ten en cuenta el tama\u00f1o que suelen adquirir para que puedas disponer de un terreno m\u00e1s que suficiente.<\/li>\n\n\n\n<li><strong>Zanahorias<\/strong>. Es otro de los alimentos que nunca falta. La siembra comienza en invierno y se plantan en verano, pero siempre al inicio. Pasados entre 70 y 110 d\u00edas estar\u00e1n listas.<\/li>\n<\/ul>\n\n\n\n<h3 class=\"wp-block-heading\"><span class=\"ez-toc-section\" id=\"Las-mejores-frutas-para-cultivar-en-verano\"><\/span>Las mejores frutas para cultivar en verano<span class=\"ez-toc-section-end\"><\/span><\/h3>\n\n\n\n<p>Las <strong>frutas<\/strong> son la estrella del verano, ya que son frescas y sabrosas y, por lo tanto, una excelente opci\u00f3n para combatir el calor. Las <strong>m\u00e1s demandas<\/strong> por los consumidores son las siguientes:<\/p>\n\n\n\n<ul class=\"wp-block-list\">\n<li><strong>Melones<\/strong>. Se planta en regiones c\u00e1lidas, ya que el suelo tiene que estar a pleno sol. El tiempo de maduraci\u00f3n oscila entre 80 y 100 d\u00edas. La siembra se realiza entre marzo y mayo, siendo la recogida en verano.<\/li>\n\n\n\n<li><strong>Sand\u00edas<\/strong>. La siembra de la sand\u00eda dura un mes, desde la primera quincena de septiembre hasta la primera quincena de octubre. La cosecha se realiza a los 90 y 100 d\u00edas.<\/li>\n\n\n\n<li><strong>Cerezas<\/strong>. Las cerezas se cultivan a finales de oto\u00f1o, ya que necesitan 4 o 5 meses para germinar correctamente.<\/li>\n<\/ul>\n\n\n\n<h2 class=\"wp-block-heading\"><span class=\"ez-toc-section\" id=\"Lo-que-tienes-que-saber-antes-de-empezar-a-cultivar-en-verano-en-Espana\"><\/span>Lo que tienes que saber antes de empezar a cultivar en verano en Espa\u00f1a<span class=\"ez-toc-section-end\"><\/span><\/h2>\n\n\n\n<p>Si no sabes <strong>qu\u00e9 plantar en verano en la huerta<\/strong> en Espa\u00f1a o c\u00f3mo hacerlo, te animamos a continuar leyendo, ya que esta informaci\u00f3n te ser\u00e1 de mucha utilidad.<\/p>\n\n\n\n<h3 class=\"wp-block-heading\"><span class=\"ez-toc-section\" id=\"Como-preparar-el-suelo-para-el-verano\"><\/span>C\u00f3mo preparar el suelo para el verano<span class=\"ez-toc-section-end\"><\/span><\/h3>\n\n\n\n<p>El suelo en verano requiere de una preparaci\u00f3n exhaustiva, ya que es una de las \u00e9pocas m\u00e1s delicadas en cuanto a temperatura. Tienes que ejecutar con m\u00e1ximo cuidado las tareas previas de <strong>prevenci\u00f3n<\/strong>. Para ello, tienes que examinar el estado del suelo, comprobar su <strong>nivel de materia org\u00e1nica y de humedad<\/strong>.<br><br>A continuaci\u00f3n, tienes que examinar el <strong>tipo de terreno<\/strong> (tierra arenosa o tierra arcillosa) para determinar las condiciones del cultivo. <strong>Limpiar la maleza<\/strong> tambi\u00e9n es fundamental como paso previo al cultivo.<\/p>\n\n\n\n<h3 class=\"wp-block-heading\"><span class=\"ez-toc-section\" id=\"Como-mantener-tus-cultivos-hidratados-en-los-dias-mas-calurosos\"><\/span>C\u00f3mo mantener tus cultivos hidratados en los d\u00edas m\u00e1s calurosos<span class=\"ez-toc-section-end\"><\/span><\/h3>\n\n\n\n<p>En los d\u00edas de m\u00e1ximo calor te recomendamos <strong>regar por las noches<\/strong> o en las <strong>horas tempranas<\/strong>, que es cuando tienes que <strong>hidratar el cultivo<\/strong>, evitando las horas centrales del d\u00eda, cuando la evaporaci\u00f3n es mayor. Debes tener en cuenta tambi\u00e9n que un riego excesivo puede provocar problemas de ra\u00edz y reducir la calidad del suelo, por lo que es importante que riegues tu cultivo de manera constante pero<strong> sin excederte<\/strong>.<\/p>\n\n\n\n<p>El <strong>riego por goteo<\/strong> es una t\u00e9cnica eficiente y sostenible para mantener tus cultivos hidratados. Los <strong>sistemas de riego por goteo<\/strong> consisten en un conjunto de tuber\u00edas y emisores que distribuyen el agua directamente a las ra\u00edces de las plantas, evitando la evaporaci\u00f3n y el desperdicio de agua.<\/p>\n\n\n\n<p>Para garantizar un riego adecuado y prolongar la vida \u00fatil del sistema, es importante instalar <a href=\"https:\/\/lama.es\/filtros-para-riego\/\"><strong>filtros para riego<\/strong><\/a> en la entrada de agua. Los <a href=\"https:\/\/www.lamastore.es\/es\/5-filtros-de-mallas\">filtros de malla<\/a> son ideales para eliminar impurezas y part\u00edculas grandes, mientras que los <a href=\"https:\/\/www.lamastore.es\/es\/4-filtros-de-arena\">filtros de arena<\/a> y los <a href=\"https:\/\/www.lamastore.es\/es\/3-filtros-de-anillas\">filtros de anillas<\/a> son m\u00e1s efectivos en la eliminaci\u00f3n de sedimentos y part\u00edculas m\u00e1s peque\u00f1as.<\/p>\n\n\n\n<p>Al mantener tus cultivos hidratados con un sistema de riego y filtrado de agua, no solo <strong>ahorrar\u00e1s agua y energ\u00eda<\/strong>, sino que tambi\u00e9n <strong>aumentar\u00e1s la eficiencia y productividad<\/strong> de tus cultivos. Adem\u00e1s, el riego por goteo permite una distribuci\u00f3n uniforme de agua, reduciendo el riesgo de enfermedades y plagas en tus plantas.<\/p>\n\n\n\n<h3 class=\"wp-block-heading\"><span class=\"ez-toc-section\" id=\"Como-almacenar-frutas-y-verduras-recien-cosechadas\"><\/span>C\u00f3mo almacenar frutas y verduras reci\u00e9n cosechadas<span class=\"ez-toc-section-end\"><\/span><\/h3>\n\n\n\n<p>Una vez que hayas recogido las frutas y verduras, tienes que almacenarlas correctamente para evitar que se estropeen y, adem\u00e1s, para que<strong> conserven todo su<\/strong> <strong>sabor<\/strong>.<br><br> Aleja los productos del suelo y de las paredes, lo m\u00e1s recomendable es que se organicen en <strong>pal\u00e9s<\/strong>. Adem\u00e1s, supervisa tambi\u00e9n <strong>la temperatura y la humedad<\/strong> con herramientas que permitan hacer un seguimiento.<\/p>\n\n\n\n<h2 class=\"wp-block-heading\"><span class=\"ez-toc-section\" id=\"%C2%BFCuales-son-las-mejores-opciones-para-cultivar-en-esta-epoca-del-ano\"><\/span>\u00bfCu\u00e1les son las mejores opciones para cultivar en esta \u00e9poca del a\u00f1o?<span class=\"ez-toc-section-end\"><\/span><\/h2>\n\n\n\n<p>Las opciones siempre van a depender del tama\u00f1o de tu huerto o plantaci\u00f3n y, adem\u00e1s, de tus gustos y preferencias. En verano, las hortalizas que mejor se adaptan a las altas temperaturas son aquellas que tienen <strong>ra\u00edces profundas<\/strong> y una alta tolerancia al calor y la sequ\u00eda.&nbsp;<\/p>\n\n\n\n<p>Algunas de las <strong>mejores opciones para cultivar<\/strong> en esta \u00e9poca del a\u00f1o son el tomate, la berenjena, el chile, el calabac\u00edn, la calabaza y el pepino. Tambi\u00e9n se pueden cultivar hierbas como la albahaca, el cilantro y el or\u00e9gano, as\u00ed como frutas como la fresa, la frambuesa, la sand\u00eda y el mel\u00f3n. Es importante tener en cuenta las condiciones clim\u00e1ticas de cada zona y adaptar el cultivo en consecuencia.<\/p>\n\n\n\n<h2 class=\"wp-block-heading\"><span class=\"ez-toc-section\" id=\"%C2%BFCuando-es-el-mejor-momento-para-sembrar-y-cosechar-en-verano\"><\/span>\u00bfCu\u00e1ndo es el mejor momento para sembrar y cosechar en verano?<span class=\"ez-toc-section-end\"><\/span><\/h2>\n\n\n\n<p>El mejor momento para<strong> sembrar y cosechar en verano<\/strong> depende de varios factores, como la regi\u00f3n y el clima en el que se encuentre. Es importante investigar sobre las condiciones clim\u00e1ticas de la zona y las necesidades espec\u00edficas de cada tipo de planta para obtener mejores resultados en la siembra y la cosecha.<\/p>\n\n\n\n<p>Los <strong>cultivos de primavera para verano<\/strong> se suelen iniciar en el mes de marzo para que puedas sembrarlos y cosecharlos en los meses de m\u00e1s calor. Si lo haces as\u00ed, en verano ya podr\u00e1s degustar <strong>frutas y hortalizas<\/strong> tan ricas como las mencionadas anteriormente. \u00a1Saber <strong>qu\u00e9 plantar en verano<\/strong> es f\u00e1cil gracias a nuestras entradas!, estate al tanto de las pr\u00f3ximas en nuestro <a href=\"https:\/\/www.lamastore.es\/blog\/\">blog de Lamastore<\/a>.&nbsp;<\/p>\n","protected":false},"excerpt":{"rendered":"<p>\u00bfQu\u00e9 se puede plantar y cultivar en verano? Hay una abundante lista de cultivos de verano que se pueden plantar en esta estaci\u00f3n, tal y como veremos m\u00e1s adelante. Se pueden sembrar en primavera y cosechar en verano o en los meses calurosos. Ahora te explicaremos qu\u00e9 plantar en verano en la huerta. Cultivo de [&hellip;]<\/p>\n","protected":false},"author":7,"featured_media":425,"comment_status":"open","ping_status":"open","sticky":false,"template":"","format":"standard","meta":{"_et_pb_use_builder":"","_et_pb_old_content":"","_et_gb_content_width":"","_monsterinsights_skip_tracking":false,"_monsterinsights_sitenote_active":false,"_monsterinsights_sitenote_note":"","_monsterinsights_sitenote_category":0,"footnotes":""},"categories":[7],"tags":[],"class_list":["post-424","post","type-post","status-publish","format-standard","has-post-thumbnail","hentry","category-agricultura","et-has-post-format-content","et_post_format-et-post-format-standard"],"yoast_head":"<!-- This site is optimized with the Yoast SEO plugin v26.5 - https:\/\/yoast.com\/wordpress\/plugins\/seo\/ -->\n<title>Cultivos de verano: Qu\u00e9 y Cu\u00e1ndo Cultivarlos en Espa\u00f1a | Lamastore<\/title>\n<meta name=\"description\" content=\"\u00bfQu\u00e9 plantar en verano? Desde Lamastore te facilitamos toda la informaci\u00f3n que necesitas para cultivar frutas y hortalizas en verano.\" \/>\n<meta name=\"robots\" content=\"index, follow, max-snippet:-1, max-image-preview:large, max-video-preview:-1\" \/>\n<link rel=\"canonical\" href=\"https:\/\/www.lamastore.es\/blog\/cultivos-de-verano\/\" \/>\n<meta property=\"og:locale\" content=\"es_ES\" \/>\n<meta property=\"og:type\" content=\"article\" \/>\n<meta property=\"og:title\" content=\"Cultivos de verano: Qu\u00e9 y Cu\u00e1ndo Cultivarlos en Espa\u00f1a | Lamastore\" \/>\n<meta property=\"og:description\" content=\"\u00bfQu\u00e9 plantar en verano? Desde Lamastore te facilitamos toda la informaci\u00f3n que necesitas para cultivar frutas y hortalizas en verano.\" \/>\n<meta property=\"og:url\" content=\"https:\/\/www.lamastore.es\/blog\/cultivos-de-verano\/\" \/>\n<meta property=\"og:site_name\" content=\"Blog Lamastore\" \/>\n<meta property=\"article:published_time\" content=\"2023-05-29T08:13:22+00:00\" \/>\n<meta property=\"article:modified_time\" content=\"2024-10-29T09:45:42+00:00\" \/>\n<meta property=\"og:image\" content=\"https:\/\/www.lamastore.es\/blog\/wp-content\/uploads\/2023\/05\/Cultivos-de-verano.jpg\" \/>\n\t<meta property=\"og:image:width\" content=\"948\" \/>\n\t<meta property=\"og:image:height\" content=\"533\" \/>\n\t<meta property=\"og:image:type\" content=\"image\/jpeg\" \/>\n<meta name=\"author\" content=\"Gertru Lama\" \/>\n<meta name=\"twitter:card\" content=\"summary_large_image\" \/>\n<meta name=\"twitter:label1\" content=\"Escrito por\" \/>\n\t<meta name=\"twitter:data1\" content=\"Gertru Lama\" \/>\n\t<meta name=\"twitter:label2\" content=\"Tiempo de lectura\" \/>\n\t<meta name=\"twitter:data2\" content=\"6 minutos\" \/>\n<script type=\"application\/ld+json\" class=\"yoast-schema-graph\">{\"@context\":\"https:\/\/schema.org\",\"@graph\":[{\"@type\":\"Article\",\"@id\":\"https:\/\/www.lamastore.es\/blog\/cultivos-de-verano\/#article\",\"isPartOf\":{\"@id\":\"https:\/\/www.lamastore.es\/blog\/cultivos-de-verano\/\"},\"author\":{\"name\":\"Gertru Lama\",\"@id\":\"https:\/\/www.lamastore.es\/blog\/#\/schema\/person\/ae690e3b4ec0f77b1c1fcdf78da75f73\"},\"headline\":\"Qu\u00e9 y c\u00f3mo cultivar en verano en Espa\u00f1a\",\"datePublished\":\"2023-05-29T08:13:22+00:00\",\"dateModified\":\"2024-10-29T09:45:42+00:00\",\"mainEntityOfPage\":{\"@id\":\"https:\/\/www.lamastore.es\/blog\/cultivos-de-verano\/\"},\"wordCount\":1183,\"commentCount\":0,\"publisher\":{\"@id\":\"https:\/\/www.lamastore.es\/blog\/#organization\"},\"image\":{\"@id\":\"https:\/\/www.lamastore.es\/blog\/cultivos-de-verano\/#primaryimage\"},\"thumbnailUrl\":\"https:\/\/www.lamastore.es\/blog\/wp-content\/uploads\/2023\/05\/Cultivos-de-verano.jpg\",\"articleSection\":[\"Agricultura\"],\"inLanguage\":\"es\"},{\"@type\":\"WebPage\",\"@id\":\"https:\/\/www.lamastore.es\/blog\/cultivos-de-verano\/\",\"url\":\"https:\/\/www.lamastore.es\/blog\/cultivos-de-verano\/\",\"name\":\"Cultivos de verano: Qu\u00e9 y Cu\u00e1ndo Cultivarlos en Espa\u00f1a | Lamastore\",\"isPartOf\":{\"@id\":\"https:\/\/www.lamastore.es\/blog\/#website\"},\"primaryImageOfPage\":{\"@id\":\"https:\/\/www.lamastore.es\/blog\/cultivos-de-verano\/#primaryimage\"},\"image\":{\"@id\":\"https:\/\/www.lamastore.es\/blog\/cultivos-de-verano\/#primaryimage\"},\"thumbnailUrl\":\"https:\/\/www.lamastore.es\/blog\/wp-content\/uploads\/2023\/05\/Cultivos-de-verano.jpg\",\"datePublished\":\"2023-05-29T08:13:22+00:00\",\"dateModified\":\"2024-10-29T09:45:42+00:00\",\"description\":\"\u00bfQu\u00e9 plantar en verano? Desde Lamastore te facilitamos toda la informaci\u00f3n que necesitas para cultivar frutas y hortalizas en verano.\",\"breadcrumb\":{\"@id\":\"https:\/\/www.lamastore.es\/blog\/cultivos-de-verano\/#breadcrumb\"},\"inLanguage\":\"es\",\"potentialAction\":[{\"@type\":\"ReadAction\",\"target\":[\"https:\/\/www.lamastore.es\/blog\/cultivos-de-verano\/\"]}]},{\"@type\":\"ImageObject\",\"inLanguage\":\"es\",\"@id\":\"https:\/\/www.lamastore.es\/blog\/cultivos-de-verano\/#primaryimage\",\"url\":\"https:\/\/www.lamastore.es\/blog\/wp-content\/uploads\/2023\/05\/Cultivos-de-verano.jpg\",\"contentUrl\":\"https:\/\/www.lamastore.es\/blog\/wp-content\/uploads\/2023\/05\/Cultivos-de-verano.jpg\",\"width\":948,\"height\":533},{\"@type\":\"BreadcrumbList\",\"@id\":\"https:\/\/www.lamastore.es\/blog\/cultivos-de-verano\/#breadcrumb\",\"itemListElement\":[{\"@type\":\"ListItem\",\"position\":1,\"name\":\"Portada\",\"item\":\"https:\/\/www.lamastore.es\/blog\/\"},{\"@type\":\"ListItem\",\"position\":2,\"name\":\"Qu\u00e9 y c\u00f3mo cultivar en verano en Espa\u00f1a\"}]},{\"@type\":\"WebSite\",\"@id\":\"https:\/\/www.lamastore.es\/blog\/#website\",\"url\":\"https:\/\/www.lamastore.es\/blog\/\",\"name\":\"Blog Lamastore\",\"description\":\"\",\"publisher\":{\"@id\":\"https:\/\/www.lamastore.es\/blog\/#organization\"},\"potentialAction\":[{\"@type\":\"SearchAction\",\"target\":{\"@type\":\"EntryPoint\",\"urlTemplate\":\"https:\/\/www.lamastore.es\/blog\/?s={search_term_string}\"},\"query-input\":{\"@type\":\"PropertyValueSpecification\",\"valueRequired\":true,\"valueName\":\"search_term_string\"}}],\"inLanguage\":\"es\"},{\"@type\":\"Organization\",\"@id\":\"https:\/\/www.lamastore.es\/blog\/#organization\",\"name\":\"LamaStore\",\"url\":\"https:\/\/www.lamastore.es\/blog\/\",\"logo\":{\"@type\":\"ImageObject\",\"inLanguage\":\"es\",\"@id\":\"https:\/\/www.lamastore.es\/blog\/#\/schema\/logo\/image\/\",\"url\":\"https:\/\/www.lamastore.es\/blog\/wp-content\/uploads\/2021\/06\/logo_lama.png\",\"contentUrl\":\"https:\/\/www.lamastore.es\/blog\/wp-content\/uploads\/2021\/06\/logo_lama.png\",\"width\":216,\"height\":72,\"caption\":\"LamaStore\"},\"image\":{\"@id\":\"https:\/\/www.lamastore.es\/blog\/#\/schema\/logo\/image\/\"}},{\"@type\":\"Person\",\"@id\":\"https:\/\/www.lamastore.es\/blog\/#\/schema\/person\/ae690e3b4ec0f77b1c1fcdf78da75f73\",\"name\":\"Gertru Lama\",\"image\":{\"@type\":\"ImageObject\",\"inLanguage\":\"es\",\"@id\":\"https:\/\/www.lamastore.es\/blog\/#\/schema\/person\/image\/\",\"url\":\"https:\/\/www.lamastore.es\/blog\/wp-content\/uploads\/2024\/10\/Lama-preview-332-96x96.jpg\",\"contentUrl\":\"https:\/\/www.lamastore.es\/blog\/wp-content\/uploads\/2024\/10\/Lama-preview-332-96x96.jpg\",\"caption\":\"Gertru Lama\"},\"description\":\"Experta en ofrecer soluciones innovadoras y eficaces que mejoren las operaciones relacionadas con los avanzados sistemas de filtraci\u00f3n de agua con el objetivo de lograr un rendimiento superior en sus proyectos de riego y tratamiento del agua.\",\"sameAs\":[\"https:\/\/www.linkedin.com\/in\/gertru-lama-49289980\/\"],\"url\":\"https:\/\/www.lamastore.es\/blog\/author\/gertru-lama\/\"}]}<\/script>\n<!-- \/ Yoast SEO plugin. -->","yoast_head_json":{"title":"Cultivos de verano: Qu\u00e9 y Cu\u00e1ndo Cultivarlos en Espa\u00f1a | Lamastore","description":"\u00bfQu\u00e9 plantar en verano? Desde Lamastore te facilitamos toda la informaci\u00f3n que necesitas para cultivar frutas y hortalizas en verano.","robots":{"index":"index","follow":"follow","max-snippet":"max-snippet:-1","max-image-preview":"max-image-preview:large","max-video-preview":"max-video-preview:-1"},"canonical":"https:\/\/www.lamastore.es\/blog\/cultivos-de-verano\/","og_locale":"es_ES","og_type":"article","og_title":"Cultivos de verano: Qu\u00e9 y Cu\u00e1ndo Cultivarlos en Espa\u00f1a | Lamastore","og_description":"\u00bfQu\u00e9 plantar en verano? Desde Lamastore te facilitamos toda la informaci\u00f3n que necesitas para cultivar frutas y hortalizas en verano.","og_url":"https:\/\/www.lamastore.es\/blog\/cultivos-de-verano\/","og_site_name":"Blog Lamastore","article_published_time":"2023-05-29T08:13:22+00:00","article_modified_time":"2024-10-29T09:45:42+00:00","og_image":[{"width":948,"height":533,"url":"https:\/\/www.lamastore.es\/blog\/wp-content\/uploads\/2023\/05\/Cultivos-de-verano.jpg","type":"image\/jpeg"}],"author":"Gertru Lama","twitter_card":"summary_large_image","twitter_misc":{"Escrito por":"Gertru Lama","Tiempo de lectura":"6 minutos"},"schema":{"@context":"https:\/\/schema.org","@graph":[{"@type":"Article","@id":"https:\/\/www.lamastore.es\/blog\/cultivos-de-verano\/#article","isPartOf":{"@id":"https:\/\/www.lamastore.es\/blog\/cultivos-de-verano\/"},"author":{"name":"Gertru Lama","@id":"https:\/\/www.lamastore.es\/blog\/#\/schema\/person\/ae690e3b4ec0f77b1c1fcdf78da75f73"},"headline":"Qu\u00e9 y c\u00f3mo cultivar en verano en Espa\u00f1a","datePublished":"2023-05-29T08:13:22+00:00","dateModified":"2024-10-29T09:45:42+00:00","mainEntityOfPage":{"@id":"https:\/\/www.lamastore.es\/blog\/cultivos-de-verano\/"},"wordCount":1183,"commentCount":0,"publisher":{"@id":"https:\/\/www.lamastore.es\/blog\/#organization"},"image":{"@id":"https:\/\/www.lamastore.es\/blog\/cultivos-de-verano\/#primaryimage"},"thumbnailUrl":"https:\/\/www.lamastore.es\/blog\/wp-content\/uploads\/2023\/05\/Cultivos-de-verano.jpg","articleSection":["Agricultura"],"inLanguage":"es"},{"@type":"WebPage","@id":"https:\/\/www.lamastore.es\/blog\/cultivos-de-verano\/","url":"https:\/\/www.lamastore.es\/blog\/cultivos-de-verano\/","name":"Cultivos de verano: Qu\u00e9 y Cu\u00e1ndo Cultivarlos en Espa\u00f1a | Lamastore","isPartOf":{"@id":"https:\/\/www.lamastore.es\/blog\/#website"},"primaryImageOfPage":{"@id":"https:\/\/www.lamastore.es\/blog\/cultivos-de-verano\/#primaryimage"},"image":{"@id":"https:\/\/www.lamastore.es\/blog\/cultivos-de-verano\/#primaryimage"},"thumbnailUrl":"https:\/\/www.lamastore.es\/blog\/wp-content\/uploads\/2023\/05\/Cultivos-de-verano.jpg","datePublished":"2023-05-29T08:13:22+00:00","dateModified":"2024-10-29T09:45:42+00:00","description":"\u00bfQu\u00e9 plantar en verano? Desde Lamastore te facilitamos toda la informaci\u00f3n que necesitas para cultivar frutas y hortalizas en verano.","breadcrumb":{"@id":"https:\/\/www.lamastore.es\/blog\/cultivos-de-verano\/#breadcrumb"},"inLanguage":"es","potentialAction":[{"@type":"ReadAction","target":["https:\/\/www.lamastore.es\/blog\/cultivos-de-verano\/"]}]},{"@type":"ImageObject","inLanguage":"es","@id":"https:\/\/www.lamastore.es\/blog\/cultivos-de-verano\/#primaryimage","url":"https:\/\/www.lamastore.es\/blog\/wp-content\/uploads\/2023\/05\/Cultivos-de-verano.jpg","contentUrl":"https:\/\/www.lamastore.es\/blog\/wp-content\/uploads\/2023\/05\/Cultivos-de-verano.jpg","width":948,"height":533},{"@type":"BreadcrumbList","@id":"https:\/\/www.lamastore.es\/blog\/cultivos-de-verano\/#breadcrumb","itemListElement":[{"@type":"ListItem","position":1,"name":"Portada","item":"https:\/\/www.lamastore.es\/blog\/"},{"@type":"ListItem","position":2,"name":"Qu\u00e9 y c\u00f3mo cultivar en verano en Espa\u00f1a"}]},{"@type":"WebSite","@id":"https:\/\/www.lamastore.es\/blog\/#website","url":"https:\/\/www.lamastore.es\/blog\/","name":"Blog Lamastore","description":"","publisher":{"@id":"https:\/\/www.lamastore.es\/blog\/#organization"},"potentialAction":[{"@type":"SearchAction","target":{"@type":"EntryPoint","urlTemplate":"https:\/\/www.lamastore.es\/blog\/?s={search_term_string}"},"query-input":{"@type":"PropertyValueSpecification","valueRequired":true,"valueName":"search_term_string"}}],"inLanguage":"es"},{"@type":"Organization","@id":"https:\/\/www.lamastore.es\/blog\/#organization","name":"LamaStore","url":"https:\/\/www.lamastore.es\/blog\/","logo":{"@type":"ImageObject","inLanguage":"es","@id":"https:\/\/www.lamastore.es\/blog\/#\/schema\/logo\/image\/","url":"https:\/\/www.lamastore.es\/blog\/wp-content\/uploads\/2021\/06\/logo_lama.png","contentUrl":"https:\/\/www.lamastore.es\/blog\/wp-content\/uploads\/2021\/06\/logo_lama.png","width":216,"height":72,"caption":"LamaStore"},"image":{"@id":"https:\/\/www.lamastore.es\/blog\/#\/schema\/logo\/image\/"}},{"@type":"Person","@id":"https:\/\/www.lamastore.es\/blog\/#\/schema\/person\/ae690e3b4ec0f77b1c1fcdf78da75f73","name":"Gertru Lama","image":{"@type":"ImageObject","inLanguage":"es","@id":"https:\/\/www.lamastore.es\/blog\/#\/schema\/person\/image\/","url":"https:\/\/www.lamastore.es\/blog\/wp-content\/uploads\/2024\/10\/Lama-preview-332-96x96.jpg","contentUrl":"https:\/\/www.lamastore.es\/blog\/wp-content\/uploads\/2024\/10\/Lama-preview-332-96x96.jpg","caption":"Gertru Lama"},"description":"Experta en ofrecer soluciones innovadoras y eficaces que mejoren las operaciones relacionadas con los avanzados sistemas de filtraci\u00f3n de agua con el objetivo de lograr un rendimiento superior en sus proyectos de riego y tratamiento del agua.","sameAs":["https:\/\/www.linkedin.com\/in\/gertru-lama-49289980\/"],"url":"https:\/\/www.lamastore.es\/blog\/author\/gertru-lama\/"}]}},"_links":{"self":[{"href":"https:\/\/www.lamastore.es\/blog\/wp-json\/wp\/v2\/posts\/424","targetHints":{"allow":["GET"]}}],"collection":[{"href":"https:\/\/www.lamastore.es\/blog\/wp-json\/wp\/v2\/posts"}],"about":[{"href":"https:\/\/www.lamastore.es\/blog\/wp-json\/wp\/v2\/types\/post"}],"author":[{"embeddable":true,"href":"https:\/\/www.lamastore.es\/blog\/wp-json\/wp\/v2\/users\/7"}],"replies":[{"embeddable":true,"href":"https:\/\/www.lamastore.es\/blog\/wp-json\/wp\/v2\/comments?post=424"}],"version-history":[{"count":1,"href":"https:\/\/www.lamastore.es\/blog\/wp-json\/wp\/v2\/posts\/424\/revisions"}],"predecessor-version":[{"id":426,"href":"https:\/\/www.lamastore.es\/blog\/wp-json\/wp\/v2\/posts\/424\/revisions\/426"}],"wp:featuredmedia":[{"embeddable":true,"href":"https:\/\/www.lamastore.es\/blog\/wp-json\/wp\/v2\/media\/425"}],"wp:attachment":[{"href":"https:\/\/www.lamastore.es\/blog\/wp-json\/wp\/v2\/media?parent=424"}],"wp:term":[{"taxonomy":"category","embeddable":true,"href":"https:\/\/www.lamastore.es\/blog\/wp-json\/wp\/v2\/categories?post=424"},{"taxonomy":"post_tag","embeddable":true,"href":"https:\/\/www.lamastore.es\/blog\/wp-json\/wp\/v2\/tags?post=424"}],"curies":[{"name":"wp","href":"https:\/\/api.w.org\/{rel}","templated":true}]}}