{"id":364,"date":"2023-01-10T10:15:46","date_gmt":"2023-01-10T10:15:46","guid":{"rendered":"https:\/\/www.lamastore.es\/blog\/?p=364"},"modified":"2024-10-29T09:46:36","modified_gmt":"2024-10-29T09:46:36","slug":"cultivos-otono-invierno-espana","status":"publish","type":"post","link":"https:\/\/www.lamastore.es\/blog\/cultivos-otono-invierno-espana\/","title":{"rendered":"Qu\u00e9 y c\u00f3mo cultivar en oto\u00f1o e invierno en Espa\u00f1a"},"content":{"rendered":"\n<p>Comienza el fr\u00edo y con \u00e9l los <strong>cultivos de invierno<\/strong>. Estos suelen ser m\u00e1s resistentes al fr\u00edo y pueden tolerar temperaturas m\u00e1s bajas que otras verduras y hortalizas. El <strong>cultivo de invierno<\/strong> es todo un reto, ya que es m\u00e1s complejo que los cultivos en los meses templados. Sin embargo, con una correcta selecci\u00f3n y cuidados, es posible disfrutar de frutas arom\u00e1ticas y vegetales en los meses m\u00e1s fr\u00edos del a\u00f1o.<\/p>\n\n\n\n<p>El <strong>cultivo de invierno<\/strong> abarca todo aquello que es sembrado en oto\u00f1o para ser cosechado en invierno. La principal diferencia entre los cultivos de invierno y los de temporadas m\u00e1s c\u00e1lidas es la temperatura y la cantidad de luz que reciben. Los <strong>cultivos de invierno<\/strong> crecen en climas m\u00e1s fr\u00edos y con menos luz solar. Adem\u00e1s, los <strong>cultivos invernales<\/strong> suelen ser m\u00e1s resistentes a enfermedades y plagas debido a las condiciones m\u00e1s fr\u00edas en las que crecen. \u00bfCu\u00e1les son los m\u00e1s destacados? A continuaci\u00f3n, te presentamos algunos.<\/p>\n\n\n\n<h2 class=\"wp-block-heading\"><span class=\"ez-toc-section\" id=\"%C2%BFCuales-son-los-cultivos-de-otono-invierno\"><\/span><strong>\u00bfCu\u00e1les son los cultivos de oto\u00f1o invierno?<\/strong><span class=\"ez-toc-section-end\"><\/span><\/h2><div id=\"ez-toc-container\" class=\"ez-toc-v2_0_79_2 counter-hierarchy ez-toc-counter ez-toc-grey ez-toc-container-direction\">\n<p class=\"ez-toc-title\" style=\"cursor:inherit\">\u00cdndice de contenidos<\/p>\n<label for=\"ez-toc-cssicon-toggle-item-69ee54d534c55\" class=\"ez-toc-cssicon-toggle-label\"><span class=\"\"><span class=\"eztoc-hide\" style=\"display:none;\">Toggle<\/span><span class=\"ez-toc-icon-toggle-span\"><svg style=\"fill: #999;color:#999\" xmlns=\"http:\/\/www.w3.org\/2000\/svg\" class=\"list-377408\" width=\"20px\" height=\"20px\" viewBox=\"0 0 24 24\" fill=\"none\"><path d=\"M6 6H4v2h2V6zm14 0H8v2h12V6zM4 11h2v2H4v-2zm16 0H8v2h12v-2zM4 16h2v2H4v-2zm16 0H8v2h12v-2z\" fill=\"currentColor\"><\/path><\/svg><svg style=\"fill: #999;color:#999\" class=\"arrow-unsorted-368013\" xmlns=\"http:\/\/www.w3.org\/2000\/svg\" width=\"10px\" height=\"10px\" viewBox=\"0 0 24 24\" version=\"1.2\" baseProfile=\"tiny\"><path d=\"M18.2 9.3l-6.2-6.3-6.2 6.3c-.2.2-.3.4-.3.7s.1.5.3.7c.2.2.4.3.7.3h11c.3 0 .5-.1.7-.3.2-.2.3-.5.3-.7s-.1-.5-.3-.7zM5.8 14.7l6.2 6.3 6.2-6.3c.2-.2.3-.5.3-.7s-.1-.5-.3-.7c-.2-.2-.4-.3-.7-.3h-11c-.3 0-.5.1-.7.3-.2.2-.3.5-.3.7s.1.5.3.7z\"\/><\/svg><\/span><\/span><\/label><input type=\"checkbox\"  id=\"ez-toc-cssicon-toggle-item-69ee54d534c55\"  aria-label=\"Alternar\" \/><nav><ul class='ez-toc-list ez-toc-list-level-1 ' ><li class='ez-toc-page-1 ez-toc-heading-level-2'><a class=\"ez-toc-link ez-toc-heading-1\" href=\"https:\/\/www.lamastore.es\/blog\/cultivos-otono-invierno-espana\/#%C2%BFCuales-son-los-cultivos-de-otono-invierno\" >\u00bfCu\u00e1les son los cultivos de oto\u00f1o invierno?<\/a><ul class='ez-toc-list-level-3' ><li class='ez-toc-heading-level-3'><a class=\"ez-toc-link ez-toc-heading-2\" href=\"https:\/\/www.lamastore.es\/blog\/cultivos-otono-invierno-espana\/#Cultivar-albahaca-en-invierno\" >Cultivar albahaca en invierno<\/a><\/li><li class='ez-toc-page-1 ez-toc-heading-level-3'><a class=\"ez-toc-link ez-toc-heading-3\" href=\"https:\/\/www.lamastore.es\/blog\/cultivos-otono-invierno-espana\/#Cultivo-de-tomate-en-invierno\" >Cultivo de tomate en invierno<\/a><\/li><li class='ez-toc-page-1 ez-toc-heading-level-3'><a class=\"ez-toc-link ez-toc-heading-4\" href=\"https:\/\/www.lamastore.es\/blog\/cultivos-otono-invierno-espana\/#Cultivo-de-lechuga-en-invierno\" >Cultivo de lechuga en invierno<\/a><\/li><\/ul><\/li><li class='ez-toc-page-1 ez-toc-heading-level-2'><a class=\"ez-toc-link ez-toc-heading-5\" href=\"https:\/\/www.lamastore.es\/blog\/cultivos-otono-invierno-espana\/#Cultivos-de-invierno-en-invernadero\" >Cultivos de invierno en invernadero<\/a><\/li><li class='ez-toc-page-1 ez-toc-heading-level-2'><a class=\"ez-toc-link ez-toc-heading-6\" href=\"https:\/\/www.lamastore.es\/blog\/cultivos-otono-invierno-espana\/#Como-cultivar-en-exterior-en-invierno\" >C\u00f3mo cultivar en exterior en invierno<\/a><ul class='ez-toc-list-level-3' ><li class='ez-toc-heading-level-3'><a class=\"ez-toc-link ez-toc-heading-7\" href=\"https:\/\/www.lamastore.es\/blog\/cultivos-otono-invierno-espana\/#Riego-en-invierno\" >Riego en invierno<\/a><\/li><\/ul><\/li><li class='ez-toc-page-1 ez-toc-heading-level-2'><a class=\"ez-toc-link ez-toc-heading-8\" href=\"https:\/\/www.lamastore.es\/blog\/cultivos-otono-invierno-espana\/#Preparar-la-tierra-en-invierno-para-sembrar-en-primavera\" >Preparar la tierra en invierno para sembrar en primavera<\/a><\/li><\/ul><\/nav><\/div>\n\n\n\n\n<p>M\u00e1s all\u00e1 de las tradicionales coles, espinacas y guisantes, presentamos algunos que te sorprender\u00e1n.<\/p>\n\n\n\n<h3 class=\"wp-block-heading\"><span class=\"ez-toc-section\" id=\"Cultivar-albahaca-en-invierno\"><\/span><strong>Cultivar albahaca en invierno<\/strong><span class=\"ez-toc-section-end\"><\/span><\/h3>\n\n\n\n<p>Es, sin duda, la planta arom\u00e1tica m\u00e1s popular en el <strong>cultivo de oto\u00f1o invierno en Espa\u00f1a<\/strong>. Las zonas m\u00e1s templadas de la geograf\u00eda tienen un clima privilegiado para esta planta. Lo ideal es mantener la planta en un lugar c\u00e1lido y soleado, como un invernadero o una habitaci\u00f3n con una buena cantidad de luz solar. Por otra parte, la albahaca es sensible a las heladas, por lo que es necesario protegerla de las noches g\u00e9lidas.<\/p>\n\n\n\n<p>El suelo y el agua tambi\u00e9n son elementos fundamentales. Para garantizar un sustento h\u00eddrico, los <a href=\"https:\/\/www.lamastore.es\/es\/4-filtros-de-arena\"><strong>filtros de arena<\/strong><\/a> proporcionan un sustrato filtrante id\u00f3neo.<\/p>\n\n\n\n<h3 class=\"wp-block-heading\"><span class=\"ez-toc-section\" id=\"Cultivo-de-tomate-en-invierno\"><\/span><strong>Cultivo de tomate en invierno<\/strong><span class=\"ez-toc-section-end\"><\/span><\/h3>\n\n\n\n<p>Sin duda la fruta m\u00e1s popular en la Pen\u00ednsula Ib\u00e9rica. Su <strong>cultivo en invierno<\/strong> es m\u00e1s complicado, pero no por ello imposible. Es importante elegir una variedad de tomate que sea adecuada para el clima y proporcionarle un sustrato bien drenado y rico en nutrientes.<\/p>\n\n\n\n<p>El filtro es clave en un sistema de riego, ya que garantiza el buen estado del agua. Los tomates necesitan una buena hidrataci\u00f3n para crecer. Los <a href=\"https:\/\/www.lamastore.es\/es\/3-filtros-de-anillas\"><strong>filtros de anillas<\/strong><\/a> garantizan el buen estado del agua para evitar desperfectos y enfermedades.<\/p>\n\n\n\n<h3 class=\"wp-block-heading\"><span class=\"ez-toc-section\" id=\"Cultivo-de-lechuga-en-invierno\"><\/span><strong>Cultivo de lechuga en invierno<\/strong><span class=\"ez-toc-section-end\"><\/span><\/h3>\n\n\n\n<p>La lechuga es una planta anual que crece bien en climas frescos y necesita una buena cantidad de luz solar para prosperar. En ese sentido, es posible que tengas que proporcionar un poco de iluminaci\u00f3n artificial si no hay suficiente luz solar disponible. No obstante, algunas variedades como la Batavia y la romana soportan bien los meses que el termostato marca m\u00ednimos.<\/p>\n\n\n\n<p>Tambi\u00e9n puedes considerar usar <strong>t\u00e9cnicas de cultivo<\/strong> espec\u00edficas. Algunas de ellas, como la siembra intercalada o la plantaci\u00f3n en bolsas, permiten aprovechar al m\u00e1ximo el espacio y el sol disponibles.<\/p>\n\n\n\n<h2 class=\"wp-block-heading\"><span class=\"ez-toc-section\" id=\"Cultivos-de-invierno-en-invernadero\"><\/span><strong>Cultivos de invierno en invernadero<\/strong><span class=\"ez-toc-section-end\"><\/span><\/h2>\n\n\n\n<p>Los <strong>cultivos de invierno<\/strong> en invernadero pueden ser una excelente opci\u00f3n para aquellos que deseen prolongar la temporada de crecimiento. Algunas opciones populares incluyen tomates, lechugas y hierbas arom\u00e1ticas.<\/p>\n\n\n\n<p>Para tener \u00e9xito en el <strong>cultivo invernal<\/strong>, es importante mantener una temperatura y humedad adecuadas. Los niveles de luz y la calidad del aire tambi\u00e9n juegan un papel fundamental. Por \u00faltimo, tendr\u00e1s que asegurarte de que el invernadero est\u00e9 protegido de los elementos clim\u00e1ticos extremos, como la lluvia y las heladas.<\/p>\n\n\n\n<h2 class=\"wp-block-heading\"><span class=\"ez-toc-section\" id=\"Como-cultivar-en-exterior-en-invierno\"><\/span><strong>C\u00f3mo cultivar en exterior en invierno<\/strong><span class=\"ez-toc-section-end\"><\/span><\/h2>\n\n\n\n<p>Hay algunas medidas que puedes tomar para <strong>cultivar en exterior<\/strong> durante el invierno:<\/p>\n\n\n\n<ul class=\"wp-block-list\">\n<li><strong>Elige plantas que sean resistentes al fr\u00edo:<\/strong> Algunas variedades, incluso del mismo cultivo, toleran mejor las bajas temperaturas que otras. Es importante elegir las adecuadas para el clima de la zona.<\/li>\n\n\n\n<li><strong>Prot\u00e9gelas del viento<\/strong>: La brisa helada puede ser muy da\u00f1ina para las plantas. Puedes evitarla colocando barreras alrededor o cubri\u00e9ndolas con una malla o tela protectora.<\/li>\n\n\n\n<li><strong>Mant\u00e9n la tierra h\u00fameda<\/strong>: Es crucial mantener la tierra h\u00fameda para evitar que las plantas se sequen demasiado. Ri\u00e9galas con regularidad y cubre la tierra con mantillo u hojas para ayudar a retener la humedad. Los <a href=\"https:\/\/www.lamastore.es\/es\/5-filtros-de-mallas\"><strong>filtros de mallas<\/strong><\/a> ayudan a asegurar la calidad del agua.<\/li>\n\n\n\n<li><strong>Las heladas son el gran enemigo<\/strong>: Las luces o calentadores juegan un papel imprescindible, sobre todo las noches de temperaturas extremas.<\/li>\n<\/ul>\n\n\n\n<h3 class=\"wp-block-heading\"><span class=\"ez-toc-section\" id=\"Riego-en-invierno\"><\/span><strong>Riego en invierno<\/strong><span class=\"ez-toc-section-end\"><\/span><\/h3>\n\n\n\n<p>Septiembre marca el inicio del fr\u00edo, que se acentuar\u00e1 durante varios meses. Tendr\u00e1s que adaptar tu <a href=\"https:\/\/www.lamastore.es\/blog\/sistemas-de-riego\/\"><strong>sistema de riego<\/strong><\/a>. Ten en mente estos consejos:<\/p>\n\n\n\n<ul class=\"wp-block-list\">\n<li>Durante los d\u00edas soleados y c\u00e1lidos, riega m\u00e1s a menudo. Sin embargo, durante los d\u00edas m\u00e1s fr\u00edos y nublados, abstente.<\/li>\n\n\n\n<li>Un <strong>medidor de humedad <\/strong>te ayudar\u00e1 a determinar el nivel de humedad del suelo.<\/li>\n\n\n\n<li>Es mejor regar con m\u00e1s agua de una vez, en lugar de regar con poca agua con m\u00e1s frecuencia.<\/li>\n<\/ul>\n\n\n\n<h2 class=\"wp-block-heading\"><span class=\"ez-toc-section\" id=\"Preparar-la-tierra-en-invierno-para-sembrar-en-primavera\"><\/span><strong>Preparar la tierra en invierno para sembrar en primavera<\/strong><span class=\"ez-toc-section-end\"><\/span><\/h2>\n\n\n\n<p>Si los <strong>cultivos de invierno <\/strong>ya est\u00e1n por terminar, es hora de prepararse para la temporada venidera. Basta con retirar las malezas, a\u00f1adir compost fresco y rastrillar la tierra para tener un sustrato f\u00e9rtil. As\u00ed, recibir\u00e1s la primavera con nuevos brotes de vida y futuros cultivos.<\/p>\n","protected":false},"excerpt":{"rendered":"<p>Comienza el fr\u00edo y con \u00e9l los cultivos de invierno. Estos suelen ser m\u00e1s resistentes al fr\u00edo y pueden tolerar temperaturas m\u00e1s bajas que otras verduras y hortalizas. El cultivo de invierno es todo un reto, ya que es m\u00e1s complejo que los cultivos en los meses templados. Sin embargo, con una correcta selecci\u00f3n y [&hellip;]<\/p>\n","protected":false},"author":7,"featured_media":365,"comment_status":"open","ping_status":"open","sticky":false,"template":"","format":"standard","meta":{"_et_pb_use_builder":"","_et_pb_old_content":"","_et_gb_content_width":"","_monsterinsights_skip_tracking":false,"_monsterinsights_sitenote_active":false,"_monsterinsights_sitenote_note":"","_monsterinsights_sitenote_category":0,"footnotes":""},"categories":[7],"tags":[],"class_list":["post-364","post","type-post","status-publish","format-standard","has-post-thumbnail","hentry","category-agricultura","et-has-post-format-content","et_post_format-et-post-format-standard"],"yoast_head":"<!-- This site is optimized with the Yoast SEO plugin v26.5 - https:\/\/yoast.com\/wordpress\/plugins\/seo\/ -->\n<title>Cultivos de Oto\u00f1o e Invierno en Espa\u00f1a | Lamastore<\/title>\n<meta name=\"description\" content=\"Los cultivos de invierno demandan de un tipo especial de selecci\u00f3n y cuidados, lo que redunda en una mayor satisfacci\u00f3n a la hora de recoger sus frutos.\" \/>\n<meta name=\"robots\" content=\"index, follow, max-snippet:-1, max-image-preview:large, max-video-preview:-1\" \/>\n<link rel=\"canonical\" href=\"https:\/\/www.lamastore.es\/blog\/cultivos-otono-invierno-espana\/\" \/>\n<meta property=\"og:locale\" content=\"es_ES\" \/>\n<meta property=\"og:type\" content=\"article\" \/>\n<meta property=\"og:title\" content=\"Cultivos de Oto\u00f1o e Invierno en Espa\u00f1a | Lamastore\" \/>\n<meta property=\"og:description\" content=\"Los cultivos de invierno demandan de un tipo especial de selecci\u00f3n y cuidados, lo que redunda en una mayor satisfacci\u00f3n a la hora de recoger sus frutos.\" \/>\n<meta property=\"og:url\" content=\"https:\/\/www.lamastore.es\/blog\/cultivos-otono-invierno-espana\/\" \/>\n<meta property=\"og:site_name\" content=\"Blog Lamastore\" \/>\n<meta property=\"article:published_time\" content=\"2023-01-10T10:15:46+00:00\" \/>\n<meta property=\"article:modified_time\" content=\"2024-10-29T09:46:36+00:00\" \/>\n<meta property=\"og:image\" content=\"https:\/\/www.lamastore.es\/blog\/wp-content\/uploads\/2023\/01\/como-cultivar-en-invierno-en-espana.jpg\" \/>\n\t<meta property=\"og:image:width\" content=\"948\" \/>\n\t<meta property=\"og:image:height\" content=\"533\" \/>\n\t<meta property=\"og:image:type\" content=\"image\/jpeg\" \/>\n<meta name=\"author\" content=\"Gertru Lama\" \/>\n<meta name=\"twitter:card\" content=\"summary_large_image\" \/>\n<meta name=\"twitter:label1\" content=\"Escrito por\" \/>\n\t<meta name=\"twitter:data1\" content=\"Gertru Lama\" \/>\n\t<meta name=\"twitter:label2\" content=\"Tiempo de lectura\" \/>\n\t<meta name=\"twitter:data2\" content=\"4 minutos\" \/>\n<script type=\"application\/ld+json\" class=\"yoast-schema-graph\">{\"@context\":\"https:\/\/schema.org\",\"@graph\":[{\"@type\":\"Article\",\"@id\":\"https:\/\/www.lamastore.es\/blog\/cultivos-otono-invierno-espana\/#article\",\"isPartOf\":{\"@id\":\"https:\/\/www.lamastore.es\/blog\/cultivos-otono-invierno-espana\/\"},\"author\":{\"name\":\"Gertru Lama\",\"@id\":\"https:\/\/www.lamastore.es\/blog\/#\/schema\/person\/ae690e3b4ec0f77b1c1fcdf78da75f73\"},\"headline\":\"Qu\u00e9 y c\u00f3mo cultivar en oto\u00f1o e invierno en Espa\u00f1a\",\"datePublished\":\"2023-01-10T10:15:46+00:00\",\"dateModified\":\"2024-10-29T09:46:36+00:00\",\"mainEntityOfPage\":{\"@id\":\"https:\/\/www.lamastore.es\/blog\/cultivos-otono-invierno-espana\/\"},\"wordCount\":922,\"commentCount\":0,\"publisher\":{\"@id\":\"https:\/\/www.lamastore.es\/blog\/#organization\"},\"image\":{\"@id\":\"https:\/\/www.lamastore.es\/blog\/cultivos-otono-invierno-espana\/#primaryimage\"},\"thumbnailUrl\":\"https:\/\/www.lamastore.es\/blog\/wp-content\/uploads\/2023\/01\/como-cultivar-en-invierno-en-espana.jpg\",\"articleSection\":[\"Agricultura\"],\"inLanguage\":\"es\"},{\"@type\":\"WebPage\",\"@id\":\"https:\/\/www.lamastore.es\/blog\/cultivos-otono-invierno-espana\/\",\"url\":\"https:\/\/www.lamastore.es\/blog\/cultivos-otono-invierno-espana\/\",\"name\":\"Cultivos de Oto\u00f1o e Invierno en Espa\u00f1a | Lamastore\",\"isPartOf\":{\"@id\":\"https:\/\/www.lamastore.es\/blog\/#website\"},\"primaryImageOfPage\":{\"@id\":\"https:\/\/www.lamastore.es\/blog\/cultivos-otono-invierno-espana\/#primaryimage\"},\"image\":{\"@id\":\"https:\/\/www.lamastore.es\/blog\/cultivos-otono-invierno-espana\/#primaryimage\"},\"thumbnailUrl\":\"https:\/\/www.lamastore.es\/blog\/wp-content\/uploads\/2023\/01\/como-cultivar-en-invierno-en-espana.jpg\",\"datePublished\":\"2023-01-10T10:15:46+00:00\",\"dateModified\":\"2024-10-29T09:46:36+00:00\",\"description\":\"Los cultivos de invierno demandan de un tipo especial de selecci\u00f3n y cuidados, lo que redunda en una mayor satisfacci\u00f3n a la hora de recoger sus frutos.\",\"breadcrumb\":{\"@id\":\"https:\/\/www.lamastore.es\/blog\/cultivos-otono-invierno-espana\/#breadcrumb\"},\"inLanguage\":\"es\",\"potentialAction\":[{\"@type\":\"ReadAction\",\"target\":[\"https:\/\/www.lamastore.es\/blog\/cultivos-otono-invierno-espana\/\"]}]},{\"@type\":\"ImageObject\",\"inLanguage\":\"es\",\"@id\":\"https:\/\/www.lamastore.es\/blog\/cultivos-otono-invierno-espana\/#primaryimage\",\"url\":\"https:\/\/www.lamastore.es\/blog\/wp-content\/uploads\/2023\/01\/como-cultivar-en-invierno-en-espana.jpg\",\"contentUrl\":\"https:\/\/www.lamastore.es\/blog\/wp-content\/uploads\/2023\/01\/como-cultivar-en-invierno-en-espana.jpg\",\"width\":948,\"height\":533},{\"@type\":\"BreadcrumbList\",\"@id\":\"https:\/\/www.lamastore.es\/blog\/cultivos-otono-invierno-espana\/#breadcrumb\",\"itemListElement\":[{\"@type\":\"ListItem\",\"position\":1,\"name\":\"Portada\",\"item\":\"https:\/\/www.lamastore.es\/blog\/\"},{\"@type\":\"ListItem\",\"position\":2,\"name\":\"Qu\u00e9 y c\u00f3mo cultivar en oto\u00f1o e invierno en Espa\u00f1a\"}]},{\"@type\":\"WebSite\",\"@id\":\"https:\/\/www.lamastore.es\/blog\/#website\",\"url\":\"https:\/\/www.lamastore.es\/blog\/\",\"name\":\"Blog Lamastore\",\"description\":\"\",\"publisher\":{\"@id\":\"https:\/\/www.lamastore.es\/blog\/#organization\"},\"potentialAction\":[{\"@type\":\"SearchAction\",\"target\":{\"@type\":\"EntryPoint\",\"urlTemplate\":\"https:\/\/www.lamastore.es\/blog\/?s={search_term_string}\"},\"query-input\":{\"@type\":\"PropertyValueSpecification\",\"valueRequired\":true,\"valueName\":\"search_term_string\"}}],\"inLanguage\":\"es\"},{\"@type\":\"Organization\",\"@id\":\"https:\/\/www.lamastore.es\/blog\/#organization\",\"name\":\"LamaStore\",\"url\":\"https:\/\/www.lamastore.es\/blog\/\",\"logo\":{\"@type\":\"ImageObject\",\"inLanguage\":\"es\",\"@id\":\"https:\/\/www.lamastore.es\/blog\/#\/schema\/logo\/image\/\",\"url\":\"https:\/\/www.lamastore.es\/blog\/wp-content\/uploads\/2021\/06\/logo_lama.png\",\"contentUrl\":\"https:\/\/www.lamastore.es\/blog\/wp-content\/uploads\/2021\/06\/logo_lama.png\",\"width\":216,\"height\":72,\"caption\":\"LamaStore\"},\"image\":{\"@id\":\"https:\/\/www.lamastore.es\/blog\/#\/schema\/logo\/image\/\"}},{\"@type\":\"Person\",\"@id\":\"https:\/\/www.lamastore.es\/blog\/#\/schema\/person\/ae690e3b4ec0f77b1c1fcdf78da75f73\",\"name\":\"Gertru Lama\",\"image\":{\"@type\":\"ImageObject\",\"inLanguage\":\"es\",\"@id\":\"https:\/\/www.lamastore.es\/blog\/#\/schema\/person\/image\/\",\"url\":\"https:\/\/www.lamastore.es\/blog\/wp-content\/uploads\/2024\/10\/Lama-preview-332-96x96.jpg\",\"contentUrl\":\"https:\/\/www.lamastore.es\/blog\/wp-content\/uploads\/2024\/10\/Lama-preview-332-96x96.jpg\",\"caption\":\"Gertru Lama\"},\"description\":\"Experta en ofrecer soluciones innovadoras y eficaces que mejoren las operaciones relacionadas con los avanzados sistemas de filtraci\u00f3n de agua con el objetivo de lograr un rendimiento superior en sus proyectos de riego y tratamiento del agua.\",\"sameAs\":[\"https:\/\/www.linkedin.com\/in\/gertru-lama-49289980\/\"],\"url\":\"https:\/\/www.lamastore.es\/blog\/author\/gertru-lama\/\"}]}<\/script>\n<!-- \/ Yoast SEO plugin. -->","yoast_head_json":{"title":"Cultivos de Oto\u00f1o e Invierno en Espa\u00f1a | Lamastore","description":"Los cultivos de invierno demandan de un tipo especial de selecci\u00f3n y cuidados, lo que redunda en una mayor satisfacci\u00f3n a la hora de recoger sus frutos.","robots":{"index":"index","follow":"follow","max-snippet":"max-snippet:-1","max-image-preview":"max-image-preview:large","max-video-preview":"max-video-preview:-1"},"canonical":"https:\/\/www.lamastore.es\/blog\/cultivos-otono-invierno-espana\/","og_locale":"es_ES","og_type":"article","og_title":"Cultivos de Oto\u00f1o e Invierno en Espa\u00f1a | Lamastore","og_description":"Los cultivos de invierno demandan de un tipo especial de selecci\u00f3n y cuidados, lo que redunda en una mayor satisfacci\u00f3n a la hora de recoger sus frutos.","og_url":"https:\/\/www.lamastore.es\/blog\/cultivos-otono-invierno-espana\/","og_site_name":"Blog Lamastore","article_published_time":"2023-01-10T10:15:46+00:00","article_modified_time":"2024-10-29T09:46:36+00:00","og_image":[{"width":948,"height":533,"url":"https:\/\/www.lamastore.es\/blog\/wp-content\/uploads\/2023\/01\/como-cultivar-en-invierno-en-espana.jpg","type":"image\/jpeg"}],"author":"Gertru Lama","twitter_card":"summary_large_image","twitter_misc":{"Escrito por":"Gertru Lama","Tiempo de lectura":"4 minutos"},"schema":{"@context":"https:\/\/schema.org","@graph":[{"@type":"Article","@id":"https:\/\/www.lamastore.es\/blog\/cultivos-otono-invierno-espana\/#article","isPartOf":{"@id":"https:\/\/www.lamastore.es\/blog\/cultivos-otono-invierno-espana\/"},"author":{"name":"Gertru Lama","@id":"https:\/\/www.lamastore.es\/blog\/#\/schema\/person\/ae690e3b4ec0f77b1c1fcdf78da75f73"},"headline":"Qu\u00e9 y c\u00f3mo cultivar en oto\u00f1o e invierno en Espa\u00f1a","datePublished":"2023-01-10T10:15:46+00:00","dateModified":"2024-10-29T09:46:36+00:00","mainEntityOfPage":{"@id":"https:\/\/www.lamastore.es\/blog\/cultivos-otono-invierno-espana\/"},"wordCount":922,"commentCount":0,"publisher":{"@id":"https:\/\/www.lamastore.es\/blog\/#organization"},"image":{"@id":"https:\/\/www.lamastore.es\/blog\/cultivos-otono-invierno-espana\/#primaryimage"},"thumbnailUrl":"https:\/\/www.lamastore.es\/blog\/wp-content\/uploads\/2023\/01\/como-cultivar-en-invierno-en-espana.jpg","articleSection":["Agricultura"],"inLanguage":"es"},{"@type":"WebPage","@id":"https:\/\/www.lamastore.es\/blog\/cultivos-otono-invierno-espana\/","url":"https:\/\/www.lamastore.es\/blog\/cultivos-otono-invierno-espana\/","name":"Cultivos de Oto\u00f1o e Invierno en Espa\u00f1a | Lamastore","isPartOf":{"@id":"https:\/\/www.lamastore.es\/blog\/#website"},"primaryImageOfPage":{"@id":"https:\/\/www.lamastore.es\/blog\/cultivos-otono-invierno-espana\/#primaryimage"},"image":{"@id":"https:\/\/www.lamastore.es\/blog\/cultivos-otono-invierno-espana\/#primaryimage"},"thumbnailUrl":"https:\/\/www.lamastore.es\/blog\/wp-content\/uploads\/2023\/01\/como-cultivar-en-invierno-en-espana.jpg","datePublished":"2023-01-10T10:15:46+00:00","dateModified":"2024-10-29T09:46:36+00:00","description":"Los cultivos de invierno demandan de un tipo especial de selecci\u00f3n y cuidados, lo que redunda en una mayor satisfacci\u00f3n a la hora de recoger sus frutos.","breadcrumb":{"@id":"https:\/\/www.lamastore.es\/blog\/cultivos-otono-invierno-espana\/#breadcrumb"},"inLanguage":"es","potentialAction":[{"@type":"ReadAction","target":["https:\/\/www.lamastore.es\/blog\/cultivos-otono-invierno-espana\/"]}]},{"@type":"ImageObject","inLanguage":"es","@id":"https:\/\/www.lamastore.es\/blog\/cultivos-otono-invierno-espana\/#primaryimage","url":"https:\/\/www.lamastore.es\/blog\/wp-content\/uploads\/2023\/01\/como-cultivar-en-invierno-en-espana.jpg","contentUrl":"https:\/\/www.lamastore.es\/blog\/wp-content\/uploads\/2023\/01\/como-cultivar-en-invierno-en-espana.jpg","width":948,"height":533},{"@type":"BreadcrumbList","@id":"https:\/\/www.lamastore.es\/blog\/cultivos-otono-invierno-espana\/#breadcrumb","itemListElement":[{"@type":"ListItem","position":1,"name":"Portada","item":"https:\/\/www.lamastore.es\/blog\/"},{"@type":"ListItem","position":2,"name":"Qu\u00e9 y c\u00f3mo cultivar en oto\u00f1o e invierno en Espa\u00f1a"}]},{"@type":"WebSite","@id":"https:\/\/www.lamastore.es\/blog\/#website","url":"https:\/\/www.lamastore.es\/blog\/","name":"Blog Lamastore","description":"","publisher":{"@id":"https:\/\/www.lamastore.es\/blog\/#organization"},"potentialAction":[{"@type":"SearchAction","target":{"@type":"EntryPoint","urlTemplate":"https:\/\/www.lamastore.es\/blog\/?s={search_term_string}"},"query-input":{"@type":"PropertyValueSpecification","valueRequired":true,"valueName":"search_term_string"}}],"inLanguage":"es"},{"@type":"Organization","@id":"https:\/\/www.lamastore.es\/blog\/#organization","name":"LamaStore","url":"https:\/\/www.lamastore.es\/blog\/","logo":{"@type":"ImageObject","inLanguage":"es","@id":"https:\/\/www.lamastore.es\/blog\/#\/schema\/logo\/image\/","url":"https:\/\/www.lamastore.es\/blog\/wp-content\/uploads\/2021\/06\/logo_lama.png","contentUrl":"https:\/\/www.lamastore.es\/blog\/wp-content\/uploads\/2021\/06\/logo_lama.png","width":216,"height":72,"caption":"LamaStore"},"image":{"@id":"https:\/\/www.lamastore.es\/blog\/#\/schema\/logo\/image\/"}},{"@type":"Person","@id":"https:\/\/www.lamastore.es\/blog\/#\/schema\/person\/ae690e3b4ec0f77b1c1fcdf78da75f73","name":"Gertru Lama","image":{"@type":"ImageObject","inLanguage":"es","@id":"https:\/\/www.lamastore.es\/blog\/#\/schema\/person\/image\/","url":"https:\/\/www.lamastore.es\/blog\/wp-content\/uploads\/2024\/10\/Lama-preview-332-96x96.jpg","contentUrl":"https:\/\/www.lamastore.es\/blog\/wp-content\/uploads\/2024\/10\/Lama-preview-332-96x96.jpg","caption":"Gertru Lama"},"description":"Experta en ofrecer soluciones innovadoras y eficaces que mejoren las operaciones relacionadas con los avanzados sistemas de filtraci\u00f3n de agua con el objetivo de lograr un rendimiento superior en sus proyectos de riego y tratamiento del agua.","sameAs":["https:\/\/www.linkedin.com\/in\/gertru-lama-49289980\/"],"url":"https:\/\/www.lamastore.es\/blog\/author\/gertru-lama\/"}]}},"_links":{"self":[{"href":"https:\/\/www.lamastore.es\/blog\/wp-json\/wp\/v2\/posts\/364","targetHints":{"allow":["GET"]}}],"collection":[{"href":"https:\/\/www.lamastore.es\/blog\/wp-json\/wp\/v2\/posts"}],"about":[{"href":"https:\/\/www.lamastore.es\/blog\/wp-json\/wp\/v2\/types\/post"}],"author":[{"embeddable":true,"href":"https:\/\/www.lamastore.es\/blog\/wp-json\/wp\/v2\/users\/7"}],"replies":[{"embeddable":true,"href":"https:\/\/www.lamastore.es\/blog\/wp-json\/wp\/v2\/comments?post=364"}],"version-history":[{"count":2,"href":"https:\/\/www.lamastore.es\/blog\/wp-json\/wp\/v2\/posts\/364\/revisions"}],"predecessor-version":[{"id":367,"href":"https:\/\/www.lamastore.es\/blog\/wp-json\/wp\/v2\/posts\/364\/revisions\/367"}],"wp:featuredmedia":[{"embeddable":true,"href":"https:\/\/www.lamastore.es\/blog\/wp-json\/wp\/v2\/media\/365"}],"wp:attachment":[{"href":"https:\/\/www.lamastore.es\/blog\/wp-json\/wp\/v2\/media?parent=364"}],"wp:term":[{"taxonomy":"category","embeddable":true,"href":"https:\/\/www.lamastore.es\/blog\/wp-json\/wp\/v2\/categories?post=364"},{"taxonomy":"post_tag","embeddable":true,"href":"https:\/\/www.lamastore.es\/blog\/wp-json\/wp\/v2\/tags?post=364"}],"curies":[{"name":"wp","href":"https:\/\/api.w.org\/{rel}","templated":true}]}}