{"id":306,"date":"2022-08-02T11:47:01","date_gmt":"2022-08-02T11:47:01","guid":{"rendered":"https:\/\/www.lamastore.es\/blog\/?p=306"},"modified":"2024-10-29T09:47:24","modified_gmt":"2024-10-29T09:47:24","slug":"arado-de-vertedera","status":"publish","type":"post","link":"https:\/\/www.lamastore.es\/blog\/arado-de-vertedera\/","title":{"rendered":"\u00bfQu\u00e9 es el arado de vertedera?"},"content":{"rendered":"\n<p>Arar la tierra significa <strong>removerla<\/strong>, para as\u00ed devolver el terreno a su estado inicial y prepararlo para futuras siembras. Hoy en d\u00eda existen varias posibilidades para acondicionar el suelo de tu cultivo y estamos seguros de que muchos de vosotros, los agricultores, conoc\u00e9is este tipo de arado.<\/p>\n\n\n\n<p>Hoy en el blog de Lamastore te vamos a contar m\u00e1s sobre este arado, para que entiendas su funcionamiento y todo lo que necesitas saber.<\/p>\n\n\n\n<h2 class=\"wp-block-heading\"><span class=\"ez-toc-section\" id=\"Arado-de-Vertedera-%C2%BFQue-es\"><\/span><a><\/a><strong>Arado de Vertedera \u00bfQu\u00e9 es?<\/strong><span class=\"ez-toc-section-end\"><\/span><\/h2><div id=\"ez-toc-container\" class=\"ez-toc-v2_0_79_2 counter-hierarchy ez-toc-counter ez-toc-grey ez-toc-container-direction\">\n<p class=\"ez-toc-title\" style=\"cursor:inherit\">\u00cdndice de contenidos<\/p>\n<label for=\"ez-toc-cssicon-toggle-item-69ee54da63acc\" class=\"ez-toc-cssicon-toggle-label\"><span class=\"\"><span class=\"eztoc-hide\" style=\"display:none;\">Toggle<\/span><span class=\"ez-toc-icon-toggle-span\"><svg style=\"fill: #999;color:#999\" xmlns=\"http:\/\/www.w3.org\/2000\/svg\" class=\"list-377408\" width=\"20px\" height=\"20px\" viewBox=\"0 0 24 24\" fill=\"none\"><path d=\"M6 6H4v2h2V6zm14 0H8v2h12V6zM4 11h2v2H4v-2zm16 0H8v2h12v-2zM4 16h2v2H4v-2zm16 0H8v2h12v-2z\" fill=\"currentColor\"><\/path><\/svg><svg style=\"fill: #999;color:#999\" class=\"arrow-unsorted-368013\" xmlns=\"http:\/\/www.w3.org\/2000\/svg\" width=\"10px\" height=\"10px\" viewBox=\"0 0 24 24\" version=\"1.2\" baseProfile=\"tiny\"><path d=\"M18.2 9.3l-6.2-6.3-6.2 6.3c-.2.2-.3.4-.3.7s.1.5.3.7c.2.2.4.3.7.3h11c.3 0 .5-.1.7-.3.2-.2.3-.5.3-.7s-.1-.5-.3-.7zM5.8 14.7l6.2 6.3 6.2-6.3c.2-.2.3-.5.3-.7s-.1-.5-.3-.7c-.2-.2-.4-.3-.7-.3h-11c-.3 0-.5.1-.7.3-.2.2-.3.5-.3.7s.1.5.3.7z\"\/><\/svg><\/span><\/span><\/label><input type=\"checkbox\"  id=\"ez-toc-cssicon-toggle-item-69ee54da63acc\"  aria-label=\"Alternar\" \/><nav><ul class='ez-toc-list ez-toc-list-level-1 ' ><li class='ez-toc-page-1 ez-toc-heading-level-2'><a class=\"ez-toc-link ez-toc-heading-1\" href=\"https:\/\/www.lamastore.es\/blog\/arado-de-vertedera\/#Arado-de-Vertedera-%C2%BFQue-es\" >Arado de Vertedera \u00bfQu\u00e9 es?<\/a><ul class='ez-toc-list-level-3' ><li class='ez-toc-heading-level-3'><a class=\"ez-toc-link ez-toc-heading-2\" href=\"https:\/\/www.lamastore.es\/blog\/arado-de-vertedera\/#%E2%80%93-Funcion-del-Arado-de-Vertedera\" >&#8211;&nbsp;&nbsp;&nbsp;&nbsp;&nbsp;&nbsp;&nbsp;&nbsp; Funci\u00f3n del Arado de Vertedera<\/a><\/li><\/ul><\/li><li class='ez-toc-page-1 ez-toc-heading-level-2'><a class=\"ez-toc-link ez-toc-heading-3\" href=\"https:\/\/www.lamastore.es\/blog\/arado-de-vertedera\/#Partes-de-un-Arado-de-Vertedera\" >Partes de un Arado de Vertedera<\/a><\/li><li class='ez-toc-page-1 ez-toc-heading-level-2'><a class=\"ez-toc-link ez-toc-heading-4\" href=\"https:\/\/www.lamastore.es\/blog\/arado-de-vertedera\/#%C2%BFComo-regular-un-Arado-de-Vertedera\" >\u00bfC\u00f3mo regular un Arado de Vertedera?<\/a><\/li><\/ul><\/nav><\/div>\n\n\n\n\n<p>Con respecto a la <strong>definici\u00f3n del arado de vertedera<\/strong>, podemos decir que es una de las formas de labrar m\u00e1s comunes. Es un <strong>tipo de arado<\/strong> que se lleva a cabo por un apero agr\u00edcola y consiste en <strong>levantar la tierra de forma regular. <\/strong>Te asegura un buen resultado en la preparaci\u00f3n de la tierra para tu cultivo.<\/p>\n\n\n\n<p>La forma del arado depende del n\u00famero de cuerpos (de 1 a 12 cuerpos) que tenga y del tipo de vertederas. La composici\u00f3n del cuerpo del arado depender\u00e1 del suelo que se vaya a labrar y, generalmente, est\u00e1 formado por cuchilla, vertedera, reja y raedera. Las rejas tienen un ancho de entre 25 y 50 cent\u00edmetros y tambi\u00e9n puedes encontrar diferentes modelos. En el mercado se ofrecen dos formas constructivas: el arado de vertedera reversible y el de tipo fijo.<\/p>\n\n\n\n<p>Debes emplear un veh\u00edculo agr\u00edcola para su tracci\u00f3n, cuya velocidad debe ir entre los <strong>3.5 y 7.5 kil\u00f3metros <\/strong>(siempre tienes que tener en cuenta las condiciones de cada suelo).<\/p>\n\n\n\n<p>Este tipo de Arado es recomendable que lo utilices:<\/p>\n\n\n\n<ul class=\"wp-block-list\">\n<li>Si tu <strong>suelo es deformable<\/strong> y con un grado de <strong>humedad \u00f3ptimo<\/strong> para que la plantaci\u00f3n sea <strong>exitosa<\/strong>.\u00a0<\/li>\n\n\n\n<li>Si tienes un sembrado que necesita grandes cantidades de agua para su producci\u00f3n y se trata de un <strong>cultivo de regad\u00edo<\/strong>. No modifica el nivel del suelo donde se va a labrar. Adem\u00e1s, te recomendamos que para depurar el agua de tu regad\u00edo uses los diferentes filtros de arena, <a href=\"https:\/\/www.lamastore.es\/es\/3-filtros-de-anillas\">filtros de anillas<\/a> y los <a href=\"https:\/\/www.lamastore.es\/es\/5-filtros-de-mallas\">filtros de mallas<\/a>.<\/li>\n\n\n\n<li>Si tienes <strong>suelos <\/strong>limpios, <strong>sin obst\u00e1culos<\/strong>, como ra\u00edces o rocas.<\/li>\n<\/ul>\n\n\n\n<h3 class=\"wp-block-heading\"><span class=\"ez-toc-section\" id=\"%E2%80%93-Funcion-del-Arado-de-Vertedera\"><\/span><a><\/a>&#8211;&nbsp;&nbsp;&nbsp;&nbsp;&nbsp;&nbsp;&nbsp;&nbsp; <strong>Funci\u00f3n del Arado de Vertedera<\/strong><span class=\"ez-toc-section-end\"><\/span><\/h3>\n\n\n\n<p>El Arado de Vertedera se utiliza para el <strong>laboreo primario con corte y volteo<\/strong> de la tierra, dejando un surco en su recorrido. Sus funciones son moler, picar y mezclarlos restos de vegetales.<\/p>\n\n\n\n<p>Con este tipo de arado consigues, de esta forma, enterrar estos restos en profundidad. Tambi\u00e9n es apropiado para acelerar la descomposici\u00f3n de rastrojos, ya que reduce la aparici\u00f3n de malezas en el suelo.<\/p>\n\n\n\n<p>El fin es utilizar este tipo de arado para que puedas volver a cultivar el terreno. Es el ideal para levantar la tierra de forma regular y para voltear los residuos de vegetaci\u00f3n de la superficie.<\/p>\n\n\n\n<h2 class=\"wp-block-heading\"><span class=\"ez-toc-section\" id=\"Partes-de-un-Arado-de-Vertedera\"><\/span><a><\/a><strong>Partes de un Arado de Vertedera<\/strong><span class=\"ez-toc-section-end\"><\/span><\/h2>\n\n\n\n<p>El arado puede tener desde 1 a 12 cuerpos, y estos est\u00e1n constituidos por:<\/p>\n\n\n\n<ul class=\"wp-block-list\">\n<li><strong>Bastidor:<\/strong> el esqueleto del apero donde van sujetas todas las partes que trabajan la tierra.<\/li>\n\n\n\n<li><strong>Reja: <\/strong>penetra en la tierra y realiza el corte horizontal en una porci\u00f3n de suelo. Existen diferentes tipos de rejas para arados de vertedera y dependen de los terrenos en los que se vaya a trabajar.\u00a0\u00a0\u00a0\u00a0\u00a0\u00a0\u00a0\u00a0\u00a0\u00a0\u00a0\u00a0\u00a0\u00a0\u00a0\u00a0\u00a0\u00a0\u00a0\u00a0<\/li>\n\n\n\n<li><strong>Vertedera: <\/strong>ejecuta el volteo de la banda de esa porci\u00f3n de suelo cortado.<\/li>\n\n\n\n<li><strong>Cuchilla<\/strong>: puede ser curva o recta y ayuda a realizar el corte vertical de la banda del suelo.<\/li>\n\n\n\n<li><strong>Tal\u00f3n:<\/strong> base que soporta cada una de las vertederas y contrarresta las fuerzas de resistencia del terreno.<\/li>\n<\/ul>\n\n\n\n<p>Despu\u00e9s, en la Vertedera generalmente puedes distinguir dos partes:<\/p>\n\n\n\n<ul class=\"wp-block-list\">\n<li>El <strong>frente<\/strong>: es la inmediata continuaci\u00f3n de la reja, donde prosigue la elevaci\u00f3n de la gleba y se inicia su rotura.<\/li>\n\n\n\n<li>El <strong>ala<\/strong>: es donde se rebate, voltea y arroja la tierra disgregada al surco continuo. A veces al ala le contin\u00faa la <strong>cola<\/strong>, que es una planchuela alargada atornillada a la vertedera.<\/li>\n<\/ul>\n\n\n\n<h2 class=\"wp-block-heading\"><span class=\"ez-toc-section\" id=\"%C2%BFComo-regular-un-Arado-de-Vertedera\"><\/span><a><\/a><strong>\u00bfC\u00f3mo regular un Arado de Vertedera?<\/strong><span class=\"ez-toc-section-end\"><\/span><\/h2>\n\n\n\n<p>La configuraci\u00f3n y regulaci\u00f3n de los arados de vertederas es <strong>bastante flexible<\/strong>. Puedes confiar en que se adapta a un amplio n\u00famero de suelos, y se puede regular en profundidad, longitudinal y transversal.<\/p>\n\n\n\n<p>La clave para que puedas conseguir la <strong>mayor eficiencia energ\u00e9tica<\/strong> en tu arado est\u00e1 en su perfecta regulaci\u00f3n. El <strong>objetivo <\/strong>que debes buscar es conseguir que el sistema de fuerzas resultante del conjunto de los cuerpos del arado, coincida con el plano medio del tractor.<\/p>\n\n\n\n<p>Estas son las principales regulaciones de los arados de vertedera que debes llevar a cabo:<\/p>\n\n\n\n<ul class=\"wp-block-list\">\n<li>El eje del medio del tractor debe coincidir con el sistema de fuerzas resultantes con el conjunto de cuerpos del apero. Este tipo de regulaci\u00f3n no es recomendable en arados con muy pocos cuerpos.<\/li>\n\n\n\n<li>El tiro del apero con el del tractor debe ir centrado y se debe trabajar sin apoyar las ruedas en el surco.<\/li>\n\n\n\n<li>Los aperos incorporan un sistema de regulaci\u00f3n concreto del aplomo en funci\u00f3n del tipo de arado (fijo o reversible) y debes ajustarlo seg\u00fan convenga.<\/li>\n\n\n\n<li>La profundidad de trabajo del arado de vertedera debe adaptarse dependiendo de las necesidades de desarrollo de tu cultivo. Tambi\u00e9n debes tener en cuenta el tipo de suelo y su humedad.<\/li>\n\n\n\n<li>La anchura de trabajo se regula desde un circuito comandando desde el tractor.<\/li>\n<\/ul>\n\n\n\n<p>Esperamos que este post haya sido de tu inter\u00e9s y que desde <strong>Lama <\/strong>te hayamos ayudado a resolver todas tus preguntas. Adem\u00e1s, si tienes alguna duda m\u00e1s, puedes contactar con nosotros y te ayudaremos a que tu terreno tenga los mejores cuidados con nuestros productos.<\/p>\n","protected":false},"excerpt":{"rendered":"<p>Arar la tierra significa removerla, para as\u00ed devolver el terreno a su estado inicial y prepararlo para futuras siembras. Hoy en d\u00eda existen varias posibilidades para acondicionar el suelo de tu cultivo y estamos seguros de que muchos de vosotros, los agricultores, conoc\u00e9is este tipo de arado. Hoy en el blog de Lamastore te vamos [&hellip;]<\/p>\n","protected":false},"author":7,"featured_media":317,"comment_status":"open","ping_status":"open","sticky":false,"template":"","format":"standard","meta":{"_et_pb_use_builder":"","_et_pb_old_content":"","_et_gb_content_width":"","_monsterinsights_skip_tracking":false,"_monsterinsights_sitenote_active":false,"_monsterinsights_sitenote_note":"","_monsterinsights_sitenote_category":0,"footnotes":""},"categories":[7],"tags":[],"class_list":["post-306","post","type-post","status-publish","format-standard","has-post-thumbnail","hentry","category-agricultura","et-has-post-format-content","et_post_format-et-post-format-standard"],"yoast_head":"<!-- This site is optimized with the Yoast SEO plugin v26.5 - https:\/\/yoast.com\/wordpress\/plugins\/seo\/ -->\n<title>Arado de Vertedera: Definici\u00f3n y Funci\u00f3n | LamaStore<\/title>\n<meta name=\"description\" content=\"\u00bfSabes lo que es el arado de vertedera? Existen diferentes formas de arar la tierra, y esta es una de ellas. Te explicamos su funcionamiento.\" \/>\n<meta name=\"robots\" content=\"index, follow, max-snippet:-1, max-image-preview:large, max-video-preview:-1\" \/>\n<link rel=\"canonical\" href=\"https:\/\/www.lamastore.es\/blog\/arado-de-vertedera\/\" \/>\n<meta property=\"og:locale\" content=\"es_ES\" \/>\n<meta property=\"og:type\" content=\"article\" \/>\n<meta property=\"og:title\" content=\"Arado de Vertedera: Definici\u00f3n y Funci\u00f3n | LamaStore\" \/>\n<meta property=\"og:description\" content=\"\u00bfSabes lo que es el arado de vertedera? Existen diferentes formas de arar la tierra, y esta es una de ellas. Te explicamos su funcionamiento.\" \/>\n<meta property=\"og:url\" content=\"https:\/\/www.lamastore.es\/blog\/arado-de-vertedera\/\" \/>\n<meta property=\"og:site_name\" content=\"Blog Lamastore\" \/>\n<meta property=\"article:published_time\" content=\"2022-08-02T11:47:01+00:00\" \/>\n<meta property=\"article:modified_time\" content=\"2024-10-29T09:47:24+00:00\" \/>\n<meta property=\"og:image\" content=\"https:\/\/www.lamastore.es\/blog\/wp-content\/uploads\/2022\/08\/pexels-tom-fisk-12564099-1-3.png\" \/>\n\t<meta property=\"og:image:width\" content=\"948\" \/>\n\t<meta property=\"og:image:height\" content=\"533\" \/>\n\t<meta property=\"og:image:type\" content=\"image\/png\" \/>\n<meta name=\"author\" content=\"Gertru Lama\" \/>\n<meta name=\"twitter:card\" content=\"summary_large_image\" \/>\n<meta name=\"twitter:label1\" content=\"Escrito por\" \/>\n\t<meta name=\"twitter:data1\" content=\"Gertru Lama\" \/>\n\t<meta name=\"twitter:label2\" content=\"Tiempo de lectura\" \/>\n\t<meta name=\"twitter:data2\" content=\"5 minutos\" \/>\n<script type=\"application\/ld+json\" class=\"yoast-schema-graph\">{\"@context\":\"https:\/\/schema.org\",\"@graph\":[{\"@type\":\"Article\",\"@id\":\"https:\/\/www.lamastore.es\/blog\/arado-de-vertedera\/#article\",\"isPartOf\":{\"@id\":\"https:\/\/www.lamastore.es\/blog\/arado-de-vertedera\/\"},\"author\":{\"name\":\"Gertru Lama\",\"@id\":\"https:\/\/www.lamastore.es\/blog\/#\/schema\/person\/ae690e3b4ec0f77b1c1fcdf78da75f73\"},\"headline\":\"\u00bfQu\u00e9 es el arado de vertedera?\",\"datePublished\":\"2022-08-02T11:47:01+00:00\",\"dateModified\":\"2024-10-29T09:47:24+00:00\",\"mainEntityOfPage\":{\"@id\":\"https:\/\/www.lamastore.es\/blog\/arado-de-vertedera\/\"},\"wordCount\":950,\"commentCount\":0,\"publisher\":{\"@id\":\"https:\/\/www.lamastore.es\/blog\/#organization\"},\"image\":{\"@id\":\"https:\/\/www.lamastore.es\/blog\/arado-de-vertedera\/#primaryimage\"},\"thumbnailUrl\":\"https:\/\/www.lamastore.es\/blog\/wp-content\/uploads\/2022\/08\/pexels-tom-fisk-12564099-1-3.png\",\"articleSection\":[\"Agricultura\"],\"inLanguage\":\"es\"},{\"@type\":\"WebPage\",\"@id\":\"https:\/\/www.lamastore.es\/blog\/arado-de-vertedera\/\",\"url\":\"https:\/\/www.lamastore.es\/blog\/arado-de-vertedera\/\",\"name\":\"Arado de Vertedera: Definici\u00f3n y Funci\u00f3n | LamaStore\",\"isPartOf\":{\"@id\":\"https:\/\/www.lamastore.es\/blog\/#website\"},\"primaryImageOfPage\":{\"@id\":\"https:\/\/www.lamastore.es\/blog\/arado-de-vertedera\/#primaryimage\"},\"image\":{\"@id\":\"https:\/\/www.lamastore.es\/blog\/arado-de-vertedera\/#primaryimage\"},\"thumbnailUrl\":\"https:\/\/www.lamastore.es\/blog\/wp-content\/uploads\/2022\/08\/pexels-tom-fisk-12564099-1-3.png\",\"datePublished\":\"2022-08-02T11:47:01+00:00\",\"dateModified\":\"2024-10-29T09:47:24+00:00\",\"description\":\"\u00bfSabes lo que es el arado de vertedera? Existen diferentes formas de arar la tierra, y esta es una de ellas. Te explicamos su funcionamiento.\",\"breadcrumb\":{\"@id\":\"https:\/\/www.lamastore.es\/blog\/arado-de-vertedera\/#breadcrumb\"},\"inLanguage\":\"es\",\"potentialAction\":[{\"@type\":\"ReadAction\",\"target\":[\"https:\/\/www.lamastore.es\/blog\/arado-de-vertedera\/\"]}]},{\"@type\":\"ImageObject\",\"inLanguage\":\"es\",\"@id\":\"https:\/\/www.lamastore.es\/blog\/arado-de-vertedera\/#primaryimage\",\"url\":\"https:\/\/www.lamastore.es\/blog\/wp-content\/uploads\/2022\/08\/pexels-tom-fisk-12564099-1-3.png\",\"contentUrl\":\"https:\/\/www.lamastore.es\/blog\/wp-content\/uploads\/2022\/08\/pexels-tom-fisk-12564099-1-3.png\",\"width\":948,\"height\":533},{\"@type\":\"BreadcrumbList\",\"@id\":\"https:\/\/www.lamastore.es\/blog\/arado-de-vertedera\/#breadcrumb\",\"itemListElement\":[{\"@type\":\"ListItem\",\"position\":1,\"name\":\"Portada\",\"item\":\"https:\/\/www.lamastore.es\/blog\/\"},{\"@type\":\"ListItem\",\"position\":2,\"name\":\"\u00bfQu\u00e9 es el arado de vertedera?\"}]},{\"@type\":\"WebSite\",\"@id\":\"https:\/\/www.lamastore.es\/blog\/#website\",\"url\":\"https:\/\/www.lamastore.es\/blog\/\",\"name\":\"Blog Lamastore\",\"description\":\"\",\"publisher\":{\"@id\":\"https:\/\/www.lamastore.es\/blog\/#organization\"},\"potentialAction\":[{\"@type\":\"SearchAction\",\"target\":{\"@type\":\"EntryPoint\",\"urlTemplate\":\"https:\/\/www.lamastore.es\/blog\/?s={search_term_string}\"},\"query-input\":{\"@type\":\"PropertyValueSpecification\",\"valueRequired\":true,\"valueName\":\"search_term_string\"}}],\"inLanguage\":\"es\"},{\"@type\":\"Organization\",\"@id\":\"https:\/\/www.lamastore.es\/blog\/#organization\",\"name\":\"LamaStore\",\"url\":\"https:\/\/www.lamastore.es\/blog\/\",\"logo\":{\"@type\":\"ImageObject\",\"inLanguage\":\"es\",\"@id\":\"https:\/\/www.lamastore.es\/blog\/#\/schema\/logo\/image\/\",\"url\":\"https:\/\/www.lamastore.es\/blog\/wp-content\/uploads\/2021\/06\/logo_lama.png\",\"contentUrl\":\"https:\/\/www.lamastore.es\/blog\/wp-content\/uploads\/2021\/06\/logo_lama.png\",\"width\":216,\"height\":72,\"caption\":\"LamaStore\"},\"image\":{\"@id\":\"https:\/\/www.lamastore.es\/blog\/#\/schema\/logo\/image\/\"}},{\"@type\":\"Person\",\"@id\":\"https:\/\/www.lamastore.es\/blog\/#\/schema\/person\/ae690e3b4ec0f77b1c1fcdf78da75f73\",\"name\":\"Gertru Lama\",\"image\":{\"@type\":\"ImageObject\",\"inLanguage\":\"es\",\"@id\":\"https:\/\/www.lamastore.es\/blog\/#\/schema\/person\/image\/\",\"url\":\"https:\/\/www.lamastore.es\/blog\/wp-content\/uploads\/2024\/10\/Lama-preview-332-96x96.jpg\",\"contentUrl\":\"https:\/\/www.lamastore.es\/blog\/wp-content\/uploads\/2024\/10\/Lama-preview-332-96x96.jpg\",\"caption\":\"Gertru Lama\"},\"description\":\"Experta en ofrecer soluciones innovadoras y eficaces que mejoren las operaciones relacionadas con los avanzados sistemas de filtraci\u00f3n de agua con el objetivo de lograr un rendimiento superior en sus proyectos de riego y tratamiento del agua.\",\"sameAs\":[\"https:\/\/www.linkedin.com\/in\/gertru-lama-49289980\/\"],\"url\":\"https:\/\/www.lamastore.es\/blog\/author\/gertru-lama\/\"}]}<\/script>\n<!-- \/ Yoast SEO plugin. -->","yoast_head_json":{"title":"Arado de Vertedera: Definici\u00f3n y Funci\u00f3n | LamaStore","description":"\u00bfSabes lo que es el arado de vertedera? Existen diferentes formas de arar la tierra, y esta es una de ellas. Te explicamos su funcionamiento.","robots":{"index":"index","follow":"follow","max-snippet":"max-snippet:-1","max-image-preview":"max-image-preview:large","max-video-preview":"max-video-preview:-1"},"canonical":"https:\/\/www.lamastore.es\/blog\/arado-de-vertedera\/","og_locale":"es_ES","og_type":"article","og_title":"Arado de Vertedera: Definici\u00f3n y Funci\u00f3n | LamaStore","og_description":"\u00bfSabes lo que es el arado de vertedera? Existen diferentes formas de arar la tierra, y esta es una de ellas. Te explicamos su funcionamiento.","og_url":"https:\/\/www.lamastore.es\/blog\/arado-de-vertedera\/","og_site_name":"Blog Lamastore","article_published_time":"2022-08-02T11:47:01+00:00","article_modified_time":"2024-10-29T09:47:24+00:00","og_image":[{"width":948,"height":533,"url":"https:\/\/www.lamastore.es\/blog\/wp-content\/uploads\/2022\/08\/pexels-tom-fisk-12564099-1-3.png","type":"image\/png"}],"author":"Gertru Lama","twitter_card":"summary_large_image","twitter_misc":{"Escrito por":"Gertru Lama","Tiempo de lectura":"5 minutos"},"schema":{"@context":"https:\/\/schema.org","@graph":[{"@type":"Article","@id":"https:\/\/www.lamastore.es\/blog\/arado-de-vertedera\/#article","isPartOf":{"@id":"https:\/\/www.lamastore.es\/blog\/arado-de-vertedera\/"},"author":{"name":"Gertru Lama","@id":"https:\/\/www.lamastore.es\/blog\/#\/schema\/person\/ae690e3b4ec0f77b1c1fcdf78da75f73"},"headline":"\u00bfQu\u00e9 es el arado de vertedera?","datePublished":"2022-08-02T11:47:01+00:00","dateModified":"2024-10-29T09:47:24+00:00","mainEntityOfPage":{"@id":"https:\/\/www.lamastore.es\/blog\/arado-de-vertedera\/"},"wordCount":950,"commentCount":0,"publisher":{"@id":"https:\/\/www.lamastore.es\/blog\/#organization"},"image":{"@id":"https:\/\/www.lamastore.es\/blog\/arado-de-vertedera\/#primaryimage"},"thumbnailUrl":"https:\/\/www.lamastore.es\/blog\/wp-content\/uploads\/2022\/08\/pexels-tom-fisk-12564099-1-3.png","articleSection":["Agricultura"],"inLanguage":"es"},{"@type":"WebPage","@id":"https:\/\/www.lamastore.es\/blog\/arado-de-vertedera\/","url":"https:\/\/www.lamastore.es\/blog\/arado-de-vertedera\/","name":"Arado de Vertedera: Definici\u00f3n y Funci\u00f3n | LamaStore","isPartOf":{"@id":"https:\/\/www.lamastore.es\/blog\/#website"},"primaryImageOfPage":{"@id":"https:\/\/www.lamastore.es\/blog\/arado-de-vertedera\/#primaryimage"},"image":{"@id":"https:\/\/www.lamastore.es\/blog\/arado-de-vertedera\/#primaryimage"},"thumbnailUrl":"https:\/\/www.lamastore.es\/blog\/wp-content\/uploads\/2022\/08\/pexels-tom-fisk-12564099-1-3.png","datePublished":"2022-08-02T11:47:01+00:00","dateModified":"2024-10-29T09:47:24+00:00","description":"\u00bfSabes lo que es el arado de vertedera? Existen diferentes formas de arar la tierra, y esta es una de ellas. Te explicamos su funcionamiento.","breadcrumb":{"@id":"https:\/\/www.lamastore.es\/blog\/arado-de-vertedera\/#breadcrumb"},"inLanguage":"es","potentialAction":[{"@type":"ReadAction","target":["https:\/\/www.lamastore.es\/blog\/arado-de-vertedera\/"]}]},{"@type":"ImageObject","inLanguage":"es","@id":"https:\/\/www.lamastore.es\/blog\/arado-de-vertedera\/#primaryimage","url":"https:\/\/www.lamastore.es\/blog\/wp-content\/uploads\/2022\/08\/pexels-tom-fisk-12564099-1-3.png","contentUrl":"https:\/\/www.lamastore.es\/blog\/wp-content\/uploads\/2022\/08\/pexels-tom-fisk-12564099-1-3.png","width":948,"height":533},{"@type":"BreadcrumbList","@id":"https:\/\/www.lamastore.es\/blog\/arado-de-vertedera\/#breadcrumb","itemListElement":[{"@type":"ListItem","position":1,"name":"Portada","item":"https:\/\/www.lamastore.es\/blog\/"},{"@type":"ListItem","position":2,"name":"\u00bfQu\u00e9 es el arado de vertedera?"}]},{"@type":"WebSite","@id":"https:\/\/www.lamastore.es\/blog\/#website","url":"https:\/\/www.lamastore.es\/blog\/","name":"Blog Lamastore","description":"","publisher":{"@id":"https:\/\/www.lamastore.es\/blog\/#organization"},"potentialAction":[{"@type":"SearchAction","target":{"@type":"EntryPoint","urlTemplate":"https:\/\/www.lamastore.es\/blog\/?s={search_term_string}"},"query-input":{"@type":"PropertyValueSpecification","valueRequired":true,"valueName":"search_term_string"}}],"inLanguage":"es"},{"@type":"Organization","@id":"https:\/\/www.lamastore.es\/blog\/#organization","name":"LamaStore","url":"https:\/\/www.lamastore.es\/blog\/","logo":{"@type":"ImageObject","inLanguage":"es","@id":"https:\/\/www.lamastore.es\/blog\/#\/schema\/logo\/image\/","url":"https:\/\/www.lamastore.es\/blog\/wp-content\/uploads\/2021\/06\/logo_lama.png","contentUrl":"https:\/\/www.lamastore.es\/blog\/wp-content\/uploads\/2021\/06\/logo_lama.png","width":216,"height":72,"caption":"LamaStore"},"image":{"@id":"https:\/\/www.lamastore.es\/blog\/#\/schema\/logo\/image\/"}},{"@type":"Person","@id":"https:\/\/www.lamastore.es\/blog\/#\/schema\/person\/ae690e3b4ec0f77b1c1fcdf78da75f73","name":"Gertru Lama","image":{"@type":"ImageObject","inLanguage":"es","@id":"https:\/\/www.lamastore.es\/blog\/#\/schema\/person\/image\/","url":"https:\/\/www.lamastore.es\/blog\/wp-content\/uploads\/2024\/10\/Lama-preview-332-96x96.jpg","contentUrl":"https:\/\/www.lamastore.es\/blog\/wp-content\/uploads\/2024\/10\/Lama-preview-332-96x96.jpg","caption":"Gertru Lama"},"description":"Experta en ofrecer soluciones innovadoras y eficaces que mejoren las operaciones relacionadas con los avanzados sistemas de filtraci\u00f3n de agua con el objetivo de lograr un rendimiento superior en sus proyectos de riego y tratamiento del agua.","sameAs":["https:\/\/www.linkedin.com\/in\/gertru-lama-49289980\/"],"url":"https:\/\/www.lamastore.es\/blog\/author\/gertru-lama\/"}]}},"_links":{"self":[{"href":"https:\/\/www.lamastore.es\/blog\/wp-json\/wp\/v2\/posts\/306","targetHints":{"allow":["GET"]}}],"collection":[{"href":"https:\/\/www.lamastore.es\/blog\/wp-json\/wp\/v2\/posts"}],"about":[{"href":"https:\/\/www.lamastore.es\/blog\/wp-json\/wp\/v2\/types\/post"}],"author":[{"embeddable":true,"href":"https:\/\/www.lamastore.es\/blog\/wp-json\/wp\/v2\/users\/7"}],"replies":[{"embeddable":true,"href":"https:\/\/www.lamastore.es\/blog\/wp-json\/wp\/v2\/comments?post=306"}],"version-history":[{"count":3,"href":"https:\/\/www.lamastore.es\/blog\/wp-json\/wp\/v2\/posts\/306\/revisions"}],"predecessor-version":[{"id":572,"href":"https:\/\/www.lamastore.es\/blog\/wp-json\/wp\/v2\/posts\/306\/revisions\/572"}],"wp:featuredmedia":[{"embeddable":true,"href":"https:\/\/www.lamastore.es\/blog\/wp-json\/wp\/v2\/media\/317"}],"wp:attachment":[{"href":"https:\/\/www.lamastore.es\/blog\/wp-json\/wp\/v2\/media?parent=306"}],"wp:term":[{"taxonomy":"category","embeddable":true,"href":"https:\/\/www.lamastore.es\/blog\/wp-json\/wp\/v2\/categories?post=306"},{"taxonomy":"post_tag","embeddable":true,"href":"https:\/\/www.lamastore.es\/blog\/wp-json\/wp\/v2\/tags?post=306"}],"curies":[{"name":"wp","href":"https:\/\/api.w.org\/{rel}","templated":true}]}}