{"id":300,"date":"2022-07-22T09:22:53","date_gmt":"2022-07-22T09:22:53","guid":{"rendered":"https:\/\/www.lamastore.es\/blog\/?p=300"},"modified":"2024-10-29T09:47:29","modified_gmt":"2024-10-29T09:47:29","slug":"barbecho","status":"publish","type":"post","link":"https:\/\/www.lamastore.es\/blog\/barbecho\/","title":{"rendered":"Definici\u00f3n de barbecho y factores clave"},"content":{"rendered":"\n<p><\/p>\n\n\n\n<p class=\"has-black-color has-text-color\">El <strong>significado <\/strong>etimol\u00f3gico de <strong>barbecho <\/strong>proviene del t\u00e9rmino latino <em>vervactum<\/em>, compuesto de <em>ver <\/em>(que significa \u201cprimavera\u201d) y de <em>actum <\/em>(que quiere decir \u201checho\u201d). Por tanto, esto quiere decir <strong>\u201checho para la primavera\u201d<\/strong>. A continuaci\u00f3n, en el blog de <a href=\"https:\/\/www.lamastore.es\/es\/\">Lama<\/a> descubrir\u00e1s el por qu\u00e9 de esta definici\u00f3n y cu\u00e1l es el fin de esta pr\u00e1ctica agr\u00edcola.<\/p>\n\n\n\n<h2 class=\"has-black-color has-text-color wp-block-heading\"><span class=\"ez-toc-section\" id=\"%C2%BFQue-es-el-barbecho\"><\/span><a><\/a>\u00bfQu\u00e9 es el barbecho?<span class=\"ez-toc-section-end\"><\/span><\/h2><div id=\"ez-toc-container\" class=\"ez-toc-v2_0_79_2 counter-hierarchy ez-toc-counter ez-toc-grey ez-toc-container-direction\">\n<p class=\"ez-toc-title\" style=\"cursor:inherit\">\u00cdndice de contenidos<\/p>\n<label for=\"ez-toc-cssicon-toggle-item-69ee550423700\" class=\"ez-toc-cssicon-toggle-label\"><span class=\"\"><span class=\"eztoc-hide\" style=\"display:none;\">Toggle<\/span><span class=\"ez-toc-icon-toggle-span\"><svg style=\"fill: #999;color:#999\" xmlns=\"http:\/\/www.w3.org\/2000\/svg\" class=\"list-377408\" width=\"20px\" height=\"20px\" viewBox=\"0 0 24 24\" fill=\"none\"><path d=\"M6 6H4v2h2V6zm14 0H8v2h12V6zM4 11h2v2H4v-2zm16 0H8v2h12v-2zM4 16h2v2H4v-2zm16 0H8v2h12v-2z\" fill=\"currentColor\"><\/path><\/svg><svg style=\"fill: #999;color:#999\" class=\"arrow-unsorted-368013\" xmlns=\"http:\/\/www.w3.org\/2000\/svg\" width=\"10px\" height=\"10px\" viewBox=\"0 0 24 24\" version=\"1.2\" baseProfile=\"tiny\"><path d=\"M18.2 9.3l-6.2-6.3-6.2 6.3c-.2.2-.3.4-.3.7s.1.5.3.7c.2.2.4.3.7.3h11c.3 0 .5-.1.7-.3.2-.2.3-.5.3-.7s-.1-.5-.3-.7zM5.8 14.7l6.2 6.3 6.2-6.3c.2-.2.3-.5.3-.7s-.1-.5-.3-.7c-.2-.2-.4-.3-.7-.3h-11c-.3 0-.5.1-.7.3-.2.2-.3.5-.3.7s.1.5.3.7z\"\/><\/svg><\/span><\/span><\/label><input type=\"checkbox\"  id=\"ez-toc-cssicon-toggle-item-69ee550423700\"  aria-label=\"Alternar\" \/><nav><ul class='ez-toc-list ez-toc-list-level-1 ' ><li class='ez-toc-page-1 ez-toc-heading-level-2'><a class=\"ez-toc-link ez-toc-heading-1\" href=\"https:\/\/www.lamastore.es\/blog\/barbecho\/#%C2%BFQue-es-el-barbecho\" >\u00bfQu\u00e9 es el barbecho?<\/a><ul class='ez-toc-list-level-3' ><li class='ez-toc-heading-level-3'><a class=\"ez-toc-link ez-toc-heading-2\" href=\"https:\/\/www.lamastore.es\/blog\/barbecho\/#%E2%80%93-%C2%BFPara-que-sirve-el-barbecho\" >&#8211;&nbsp;&nbsp;&nbsp;&nbsp;&nbsp;&nbsp; \u00bfPara qu\u00e9 sirve el barbecho?<\/a><\/li><\/ul><\/li><li class='ez-toc-page-1 ez-toc-heading-level-2'><a class=\"ez-toc-link ez-toc-heading-3\" href=\"https:\/\/www.lamastore.es\/blog\/barbecho\/#Tipos-de-barbecho-y-usos\" >Tipos de barbecho y usos<\/a><\/li><li class='ez-toc-page-1 ez-toc-heading-level-2'><a class=\"ez-toc-link ez-toc-heading-4\" href=\"https:\/\/www.lamastore.es\/blog\/barbecho\/#Inconvenientes-del-barbecho\" >Inconvenientes del barbecho<\/a><\/li><\/ul><\/nav><\/div>\n\n\n\n\n<p class=\"has-black-color has-text-color\">Generalmente, la <strong>definici\u00f3n <\/strong>de barbecho es reconocida, ya que se trata de una t\u00e9cnica de la agricultura que se utiliza de forma habitual en este sector. Consiste en <strong>dejar de sembrar durante uno o varios a\u00f1os<\/strong> la tierra de cultivo con el fin de mejorar las condiciones del suelo. Realmente, <strong>llamamos barbecho <\/strong>a <strong>esa parte del terreno que dejamos sin sembrar<\/strong>, aunque s\u00ed labramos.<\/p>\n\n\n\n<p class=\"has-black-color has-text-color\">En el tiempo en el que el terreno est\u00e1 sin cultivar se aplican una serie de labores, como quitar las malas hierbas, las malezas y los espinos. En ese momento se dice que se \u201c<strong>berbechea<\/strong>\u201d la tierra, es decir, que se est\u00e1 cuidando y arando para estar lista cuando haya una futura siembra.<\/p>\n\n\n\n<p class=\"has-black-color has-text-color\">Esta pr\u00e1ctica comenz\u00f3 a utilizarse en la rotaci\u00f3n de cultivos de la <strong>Edad Media <\/strong>donde se combinan con ciclos de descanso. De esta forma, el suelo no llega a perder sus propiedades ya que la tierra se sigue labrando, aunque se deja descansar.<\/p>\n\n\n\n<p class=\"has-black-color has-text-color\">Es importante <strong>controlar <\/strong>en todo momento el <strong>crecimiento de la maleza, <\/strong>ya que consumen agua y nutrientes del suelo que se espera sembrar. Adem\u00e1s, generar\u00edan p\u00e9rdidas y dificultades en el pr\u00f3ximo cultivo, por lo que lo eficiente ser\u00eda usarlas como abono.<\/p>\n\n\n\n<h3 class=\"has-black-color has-text-color wp-block-heading\"><span class=\"ez-toc-section\" id=\"%E2%80%93-%C2%BFPara-que-sirve-el-barbecho\"><\/span><a><\/a>&#8211;&nbsp;&nbsp;&nbsp;&nbsp;&nbsp;&nbsp; \u00bfPara qu\u00e9 sirve el barbecho?<span class=\"ez-toc-section-end\"><\/span><\/h3>\n\n\n\n<p class=\"has-black-color has-text-color\">El <strong>objetivo <\/strong>de esta t\u00e9cnica es recuperar las mejores condiciones de la tierra y evitar la sobreexplotaci\u00f3n de la misma. La tierra se labra con el fin de que se reponga la composici\u00f3n qu\u00edmica del suelo antes de empezar de nuevo a sembrar, generalmente, hasta la siguiente primavera.<\/p>\n\n\n\n<p class=\"has-black-color has-text-color\">Esta pr\u00e1ctica permite que <strong>el suelo restaure su equilibrio de forma natural <\/strong>y que se recuperen los minerales que se han perdido durante el cultivo. Tambi\u00e9n ayuda a mejorar la humedad del terreno y a aumentar la producci\u00f3n org\u00e1nica de nutrientes. Haciendo uso de barbechos, se espera como resultado una <strong>mayor producci\u00f3n <\/strong>en las tierras en el futuro.<\/p>\n\n\n\n<p class=\"has-black-color has-text-color\">El barbecho asegura la <strong>rentabilidad <\/strong>y la <strong>durabilidad <\/strong>de los terrenos de cultivo, ya que protege a los mismos de la explotaci\u00f3n abusiva. Muchos estudios han demostrado que es una de las <strong>t\u00e9cnicas agr\u00edcolas m\u00e1s eficaces y productivas<\/strong>, cuidando as\u00ed, el desgaste de los recursos naturales.<\/p>\n\n\n\n<p class=\"has-black-color has-text-color\">Adem\u00e1s, es <strong>importante cuidar el riego<\/strong> de los terrenos para que la producci\u00f3n sea m\u00e1s efectiva. Para ello es recomendable usar <a href=\"https:\/\/www.lamastore.es\/es\/4-filtros-de-arena\">filtros de arena<\/a>, <a href=\"https:\/\/www.lamastore.es\/es\/3-filtros-de-anillas\">filtros de anillas<\/a> y <a href=\"https:\/\/www.lamastore.es\/es\/5-filtros-de-mallas\">filtros de mallas<\/a> para que el agua llegue lo m\u00e1s limpia y depurada posible a tu cultivo.<\/p>\n\n\n\n<h2 class=\"has-black-color has-text-color wp-block-heading\"><span class=\"ez-toc-section\" id=\"Tipos-de-barbecho-y-usos\"><\/span><a><\/a>Tipos de barbecho y usos<span class=\"ez-toc-section-end\"><\/span><\/h2>\n\n\n\n<p class=\"has-black-color has-text-color\"><strong>En relaci\u00f3n al tiempo<\/strong> que transcurre entre la cosecha de un cultivo y la siembra siguiente, podemos distinguir dos tipos.<\/p>\n\n\n\n<ul class=\"has-black-color has-text-color wp-block-list\"><li><strong>Barbecho corto<\/strong>: Se realiza antes de la plantaci\u00f3n del cultivo<\/li><li><strong>Barbecho largo<\/strong>: Comienza despu\u00e9s de un largo periodo de tiempo con respecto a la siembra anterior. Dentro de este tipo, existe el <strong>barbecho al tercio<\/strong>, que consiste en dejar reposar el terreno dos a\u00f1os por cada a\u00f1o de cultivo. De esta forma, se permite que la tierra se recupere por completo.&nbsp;<\/li><\/ul>\n\n\n\n<p class=\"has-black-color has-text-color\">En ambos momentos es importante que realices un control de las malezas que existen.<\/p>\n\n\n\n<p class=\"has-black-color has-text-color\">Por otro lado, adem\u00e1s del tiempo que se deja descansar la tierra, existen otros dos tipos de barbecho<strong> en funci\u00f3n de la forma de eliminar y controlar las malezas<\/strong> del terreno:<\/p>\n\n\n\n<ul class=\"has-black-color has-text-color wp-block-list\"><li><strong>Barbecho labrado<\/strong>: Se eliminan las malas hierbas.<\/li><li><strong>Labrado qu\u00edmico<\/strong>: Se quitan las malezas por medio de herbicidas.<\/li><li><strong>Labrado mec\u00e1nico<\/strong>: Se utilizan herramientas que aceleran el proceso de descomposici\u00f3n al enterrar las hierbas. Este resulta m\u00e1s efectivo que el anterior.<\/li><\/ul>\n\n\n\n<ul class=\"has-black-color has-text-color wp-block-list\"><li><strong>Barbecho herb\u00e1ceo<\/strong>: Se abona el terreno por completo durante un a\u00f1o, sin establecer ning\u00fan modo de mantenimiento del terreno mientras se deja descansar.<\/li><\/ul>\n\n\n\n<p class=\"has-black-color has-text-color\">Otra terminolog\u00eda usada es el <strong>barbecho semillado<\/strong> (que se siembra durante el proceso) y tambi\u00e9n el<strong> barbecho blanco<\/strong> (no se planta nada).<\/p>\n\n\n\n<h2 class=\"has-black-color has-text-color wp-block-heading\"><span class=\"ez-toc-section\" id=\"Inconvenientes-del-barbecho\"><\/span><a><\/a>Inconvenientes del barbecho<span class=\"ez-toc-section-end\"><\/span><\/h2>\n\n\n\n<p class=\"has-black-color has-text-color\">Las <strong>desventajas <\/strong>que tiene esta pr\u00e1ctica tambi\u00e9n las debemos de tener presentes. Podemos decir que genera p\u00e9rdida de materia org\u00e1nica por respiraci\u00f3n microbiana. Tambi\u00e9n existen climas mediterr\u00e1neos que generan p\u00e9rdida de suelo y encostramiento.<\/p>\n\n\n\n<p class=\"has-black-color has-text-color\">Adem\u00e1s, debemos de tener en cuenta que muchos tipos de malezas se est\u00e1n adaptando a las pr\u00e1cticas que se llevan a cabo para eliminarlas. Por otro lado, la pr\u00e1ctica excesiva destruye la estructura de la tierra y los suelos que se quedan sin cultivar son m\u00e1s propensos a la erosi\u00f3n. Esperamos que este post haya resuelto tus dudas sobre qu\u00e9 es el barbecho y cu\u00e1les son sus diferentes usos. Si necesitas obtener m\u00e1s informaci\u00f3n, no dudes en contactar con nosotros. Adem\u00e1s, si te apasiona el mundo agr\u00edcola, te podemos aconsejar sobre el <strong>riego adecuado para tus terrenos<\/strong> y qu\u00e9 sistema de filtraci\u00f3n es el m\u00e1s recomendable seg\u00fan tus necesidades<\/p>\n","protected":false},"excerpt":{"rendered":"<p>El significado etimol\u00f3gico de barbecho proviene del t\u00e9rmino latino vervactum, compuesto de ver (que significa \u201cprimavera\u201d) y de actum (que quiere decir \u201checho\u201d). Por tanto, esto quiere decir \u201checho para la primavera\u201d. A continuaci\u00f3n, en el blog de Lama descubrir\u00e1s el por qu\u00e9 de esta definici\u00f3n y cu\u00e1l es el fin de esta pr\u00e1ctica agr\u00edcola. [&hellip;]<\/p>\n","protected":false},"author":6,"featured_media":193,"comment_status":"open","ping_status":"open","sticky":false,"template":"","format":"standard","meta":{"_et_pb_use_builder":"","_et_pb_old_content":"","_et_gb_content_width":"","_monsterinsights_skip_tracking":false,"_monsterinsights_sitenote_active":false,"_monsterinsights_sitenote_note":"","_monsterinsights_sitenote_category":0,"footnotes":""},"categories":[7],"tags":[],"class_list":["post-300","post","type-post","status-publish","format-standard","has-post-thumbnail","hentry","category-agricultura","et-has-post-format-content","et_post_format-et-post-format-standard"],"yoast_head":"<!-- This site is optimized with the Yoast SEO plugin v26.5 - https:\/\/yoast.com\/wordpress\/plugins\/seo\/ -->\n<title>\u00bfQu\u00e9 es el Barbecho? \u00a1Elementos Clave! | Lamastore<\/title>\n<meta name=\"description\" content=\"\u00bfA\u00fan no sabes qu\u00e9 es el barbecho? \u00bfTampoco sabes sus diferentes usos? Todos los factores clave que necesitas saber te lo contamos.\" \/>\n<meta name=\"robots\" content=\"index, follow, max-snippet:-1, max-image-preview:large, max-video-preview:-1\" \/>\n<link rel=\"canonical\" href=\"https:\/\/www.lamastore.es\/blog\/barbecho\/\" \/>\n<meta property=\"og:locale\" content=\"es_ES\" \/>\n<meta property=\"og:type\" content=\"article\" \/>\n<meta property=\"og:title\" content=\"\u00bfQu\u00e9 es el Barbecho? \u00a1Elementos Clave! | Lamastore\" \/>\n<meta property=\"og:description\" content=\"\u00bfA\u00fan no sabes qu\u00e9 es el barbecho? \u00bfTampoco sabes sus diferentes usos? Todos los factores clave que necesitas saber te lo contamos.\" \/>\n<meta property=\"og:url\" content=\"https:\/\/www.lamastore.es\/blog\/barbecho\/\" \/>\n<meta property=\"og:site_name\" content=\"Blog Lamastore\" \/>\n<meta property=\"article:published_time\" content=\"2022-07-22T09:22:53+00:00\" \/>\n<meta property=\"article:modified_time\" content=\"2024-10-29T09:47:29+00:00\" \/>\n<meta property=\"og:image\" content=\"https:\/\/www.lamastore.es\/blog\/wp-content\/uploads\/2021\/12\/agricultura-secano.jpg\" \/>\n\t<meta property=\"og:image:width\" content=\"948\" \/>\n\t<meta property=\"og:image:height\" content=\"533\" \/>\n\t<meta property=\"og:image:type\" content=\"image\/jpeg\" \/>\n<meta name=\"author\" content=\"Fernando Lama\" \/>\n<meta name=\"twitter:card\" content=\"summary_large_image\" \/>\n<meta name=\"twitter:label1\" content=\"Escrito por\" \/>\n\t<meta name=\"twitter:data1\" content=\"Fernando Lama\" \/>\n\t<meta name=\"twitter:label2\" content=\"Tiempo de lectura\" \/>\n\t<meta name=\"twitter:data2\" content=\"4 minutos\" \/>\n<script type=\"application\/ld+json\" class=\"yoast-schema-graph\">{\"@context\":\"https:\/\/schema.org\",\"@graph\":[{\"@type\":\"Article\",\"@id\":\"https:\/\/www.lamastore.es\/blog\/barbecho\/#article\",\"isPartOf\":{\"@id\":\"https:\/\/www.lamastore.es\/blog\/barbecho\/\"},\"author\":{\"name\":\"Fernando Lama\",\"@id\":\"https:\/\/www.lamastore.es\/blog\/#\/schema\/person\/644c6b2fd4fd98ecfe561caa7638de02\"},\"headline\":\"Definici\u00f3n de barbecho y factores clave\",\"datePublished\":\"2022-07-22T09:22:53+00:00\",\"dateModified\":\"2024-10-29T09:47:29+00:00\",\"mainEntityOfPage\":{\"@id\":\"https:\/\/www.lamastore.es\/blog\/barbecho\/\"},\"wordCount\":911,\"commentCount\":0,\"publisher\":{\"@id\":\"https:\/\/www.lamastore.es\/blog\/#organization\"},\"image\":{\"@id\":\"https:\/\/www.lamastore.es\/blog\/barbecho\/#primaryimage\"},\"thumbnailUrl\":\"https:\/\/www.lamastore.es\/blog\/wp-content\/uploads\/2021\/12\/agricultura-secano.jpg\",\"articleSection\":[\"Agricultura\"],\"inLanguage\":\"es\"},{\"@type\":\"WebPage\",\"@id\":\"https:\/\/www.lamastore.es\/blog\/barbecho\/\",\"url\":\"https:\/\/www.lamastore.es\/blog\/barbecho\/\",\"name\":\"\u00bfQu\u00e9 es el Barbecho? \u00a1Elementos Clave! | Lamastore\",\"isPartOf\":{\"@id\":\"https:\/\/www.lamastore.es\/blog\/#website\"},\"primaryImageOfPage\":{\"@id\":\"https:\/\/www.lamastore.es\/blog\/barbecho\/#primaryimage\"},\"image\":{\"@id\":\"https:\/\/www.lamastore.es\/blog\/barbecho\/#primaryimage\"},\"thumbnailUrl\":\"https:\/\/www.lamastore.es\/blog\/wp-content\/uploads\/2021\/12\/agricultura-secano.jpg\",\"datePublished\":\"2022-07-22T09:22:53+00:00\",\"dateModified\":\"2024-10-29T09:47:29+00:00\",\"description\":\"\u00bfA\u00fan no sabes qu\u00e9 es el barbecho? \u00bfTampoco sabes sus diferentes usos? Todos los factores clave que necesitas saber te lo contamos.\",\"breadcrumb\":{\"@id\":\"https:\/\/www.lamastore.es\/blog\/barbecho\/#breadcrumb\"},\"inLanguage\":\"es\",\"potentialAction\":[{\"@type\":\"ReadAction\",\"target\":[\"https:\/\/www.lamastore.es\/blog\/barbecho\/\"]}]},{\"@type\":\"ImageObject\",\"inLanguage\":\"es\",\"@id\":\"https:\/\/www.lamastore.es\/blog\/barbecho\/#primaryimage\",\"url\":\"https:\/\/www.lamastore.es\/blog\/wp-content\/uploads\/2021\/12\/agricultura-secano.jpg\",\"contentUrl\":\"https:\/\/www.lamastore.es\/blog\/wp-content\/uploads\/2021\/12\/agricultura-secano.jpg\",\"width\":948,\"height\":533},{\"@type\":\"BreadcrumbList\",\"@id\":\"https:\/\/www.lamastore.es\/blog\/barbecho\/#breadcrumb\",\"itemListElement\":[{\"@type\":\"ListItem\",\"position\":1,\"name\":\"Portada\",\"item\":\"https:\/\/www.lamastore.es\/blog\/\"},{\"@type\":\"ListItem\",\"position\":2,\"name\":\"Definici\u00f3n de barbecho y factores clave\"}]},{\"@type\":\"WebSite\",\"@id\":\"https:\/\/www.lamastore.es\/blog\/#website\",\"url\":\"https:\/\/www.lamastore.es\/blog\/\",\"name\":\"Blog Lamastore\",\"description\":\"\",\"publisher\":{\"@id\":\"https:\/\/www.lamastore.es\/blog\/#organization\"},\"potentialAction\":[{\"@type\":\"SearchAction\",\"target\":{\"@type\":\"EntryPoint\",\"urlTemplate\":\"https:\/\/www.lamastore.es\/blog\/?s={search_term_string}\"},\"query-input\":{\"@type\":\"PropertyValueSpecification\",\"valueRequired\":true,\"valueName\":\"search_term_string\"}}],\"inLanguage\":\"es\"},{\"@type\":\"Organization\",\"@id\":\"https:\/\/www.lamastore.es\/blog\/#organization\",\"name\":\"LamaStore\",\"url\":\"https:\/\/www.lamastore.es\/blog\/\",\"logo\":{\"@type\":\"ImageObject\",\"inLanguage\":\"es\",\"@id\":\"https:\/\/www.lamastore.es\/blog\/#\/schema\/logo\/image\/\",\"url\":\"https:\/\/www.lamastore.es\/blog\/wp-content\/uploads\/2021\/06\/logo_lama.png\",\"contentUrl\":\"https:\/\/www.lamastore.es\/blog\/wp-content\/uploads\/2021\/06\/logo_lama.png\",\"width\":216,\"height\":72,\"caption\":\"LamaStore\"},\"image\":{\"@id\":\"https:\/\/www.lamastore.es\/blog\/#\/schema\/logo\/image\/\"}},{\"@type\":\"Person\",\"@id\":\"https:\/\/www.lamastore.es\/blog\/#\/schema\/person\/644c6b2fd4fd98ecfe561caa7638de02\",\"name\":\"Fernando Lama\",\"image\":{\"@type\":\"ImageObject\",\"inLanguage\":\"es\",\"@id\":\"https:\/\/www.lamastore.es\/blog\/#\/schema\/person\/image\/\",\"url\":\"https:\/\/www.lamastore.es\/blog\/wp-content\/uploads\/2024\/10\/Lama-preview-144-96x96.jpg\",\"contentUrl\":\"https:\/\/www.lamastore.es\/blog\/wp-content\/uploads\/2024\/10\/Lama-preview-144-96x96.jpg\",\"caption\":\"Fernando Lama\"},\"description\":\"Especializado en el desarrollo y fabricaci\u00f3n de sistemas de filtraci\u00f3n de agua para los sectores agr\u00edcola e industrial. Al frente de Lama Sistemas de Filtrado S.L., su misi\u00f3n es superar las expectativas de los clientes de Lama Store a trav\u00e9s de productos innovadores que reflejen la calidad y el compromiso de nuestra organizaci\u00f3n.\",\"sameAs\":[\"https:\/\/www.linkedin.com\/in\/fernando-lama-49817041\/\"],\"url\":\"https:\/\/www.lamastore.es\/blog\/author\/fernando-lama\/\"}]}<\/script>\n<!-- \/ Yoast SEO plugin. -->","yoast_head_json":{"title":"\u00bfQu\u00e9 es el Barbecho? \u00a1Elementos Clave! | Lamastore","description":"\u00bfA\u00fan no sabes qu\u00e9 es el barbecho? \u00bfTampoco sabes sus diferentes usos? Todos los factores clave que necesitas saber te lo contamos.","robots":{"index":"index","follow":"follow","max-snippet":"max-snippet:-1","max-image-preview":"max-image-preview:large","max-video-preview":"max-video-preview:-1"},"canonical":"https:\/\/www.lamastore.es\/blog\/barbecho\/","og_locale":"es_ES","og_type":"article","og_title":"\u00bfQu\u00e9 es el Barbecho? \u00a1Elementos Clave! | Lamastore","og_description":"\u00bfA\u00fan no sabes qu\u00e9 es el barbecho? \u00bfTampoco sabes sus diferentes usos? Todos los factores clave que necesitas saber te lo contamos.","og_url":"https:\/\/www.lamastore.es\/blog\/barbecho\/","og_site_name":"Blog Lamastore","article_published_time":"2022-07-22T09:22:53+00:00","article_modified_time":"2024-10-29T09:47:29+00:00","og_image":[{"width":948,"height":533,"url":"https:\/\/www.lamastore.es\/blog\/wp-content\/uploads\/2021\/12\/agricultura-secano.jpg","type":"image\/jpeg"}],"author":"Fernando Lama","twitter_card":"summary_large_image","twitter_misc":{"Escrito por":"Fernando Lama","Tiempo de lectura":"4 minutos"},"schema":{"@context":"https:\/\/schema.org","@graph":[{"@type":"Article","@id":"https:\/\/www.lamastore.es\/blog\/barbecho\/#article","isPartOf":{"@id":"https:\/\/www.lamastore.es\/blog\/barbecho\/"},"author":{"name":"Fernando Lama","@id":"https:\/\/www.lamastore.es\/blog\/#\/schema\/person\/644c6b2fd4fd98ecfe561caa7638de02"},"headline":"Definici\u00f3n de barbecho y factores clave","datePublished":"2022-07-22T09:22:53+00:00","dateModified":"2024-10-29T09:47:29+00:00","mainEntityOfPage":{"@id":"https:\/\/www.lamastore.es\/blog\/barbecho\/"},"wordCount":911,"commentCount":0,"publisher":{"@id":"https:\/\/www.lamastore.es\/blog\/#organization"},"image":{"@id":"https:\/\/www.lamastore.es\/blog\/barbecho\/#primaryimage"},"thumbnailUrl":"https:\/\/www.lamastore.es\/blog\/wp-content\/uploads\/2021\/12\/agricultura-secano.jpg","articleSection":["Agricultura"],"inLanguage":"es"},{"@type":"WebPage","@id":"https:\/\/www.lamastore.es\/blog\/barbecho\/","url":"https:\/\/www.lamastore.es\/blog\/barbecho\/","name":"\u00bfQu\u00e9 es el Barbecho? \u00a1Elementos Clave! | Lamastore","isPartOf":{"@id":"https:\/\/www.lamastore.es\/blog\/#website"},"primaryImageOfPage":{"@id":"https:\/\/www.lamastore.es\/blog\/barbecho\/#primaryimage"},"image":{"@id":"https:\/\/www.lamastore.es\/blog\/barbecho\/#primaryimage"},"thumbnailUrl":"https:\/\/www.lamastore.es\/blog\/wp-content\/uploads\/2021\/12\/agricultura-secano.jpg","datePublished":"2022-07-22T09:22:53+00:00","dateModified":"2024-10-29T09:47:29+00:00","description":"\u00bfA\u00fan no sabes qu\u00e9 es el barbecho? \u00bfTampoco sabes sus diferentes usos? Todos los factores clave que necesitas saber te lo contamos.","breadcrumb":{"@id":"https:\/\/www.lamastore.es\/blog\/barbecho\/#breadcrumb"},"inLanguage":"es","potentialAction":[{"@type":"ReadAction","target":["https:\/\/www.lamastore.es\/blog\/barbecho\/"]}]},{"@type":"ImageObject","inLanguage":"es","@id":"https:\/\/www.lamastore.es\/blog\/barbecho\/#primaryimage","url":"https:\/\/www.lamastore.es\/blog\/wp-content\/uploads\/2021\/12\/agricultura-secano.jpg","contentUrl":"https:\/\/www.lamastore.es\/blog\/wp-content\/uploads\/2021\/12\/agricultura-secano.jpg","width":948,"height":533},{"@type":"BreadcrumbList","@id":"https:\/\/www.lamastore.es\/blog\/barbecho\/#breadcrumb","itemListElement":[{"@type":"ListItem","position":1,"name":"Portada","item":"https:\/\/www.lamastore.es\/blog\/"},{"@type":"ListItem","position":2,"name":"Definici\u00f3n de barbecho y factores clave"}]},{"@type":"WebSite","@id":"https:\/\/www.lamastore.es\/blog\/#website","url":"https:\/\/www.lamastore.es\/blog\/","name":"Blog Lamastore","description":"","publisher":{"@id":"https:\/\/www.lamastore.es\/blog\/#organization"},"potentialAction":[{"@type":"SearchAction","target":{"@type":"EntryPoint","urlTemplate":"https:\/\/www.lamastore.es\/blog\/?s={search_term_string}"},"query-input":{"@type":"PropertyValueSpecification","valueRequired":true,"valueName":"search_term_string"}}],"inLanguage":"es"},{"@type":"Organization","@id":"https:\/\/www.lamastore.es\/blog\/#organization","name":"LamaStore","url":"https:\/\/www.lamastore.es\/blog\/","logo":{"@type":"ImageObject","inLanguage":"es","@id":"https:\/\/www.lamastore.es\/blog\/#\/schema\/logo\/image\/","url":"https:\/\/www.lamastore.es\/blog\/wp-content\/uploads\/2021\/06\/logo_lama.png","contentUrl":"https:\/\/www.lamastore.es\/blog\/wp-content\/uploads\/2021\/06\/logo_lama.png","width":216,"height":72,"caption":"LamaStore"},"image":{"@id":"https:\/\/www.lamastore.es\/blog\/#\/schema\/logo\/image\/"}},{"@type":"Person","@id":"https:\/\/www.lamastore.es\/blog\/#\/schema\/person\/644c6b2fd4fd98ecfe561caa7638de02","name":"Fernando Lama","image":{"@type":"ImageObject","inLanguage":"es","@id":"https:\/\/www.lamastore.es\/blog\/#\/schema\/person\/image\/","url":"https:\/\/www.lamastore.es\/blog\/wp-content\/uploads\/2024\/10\/Lama-preview-144-96x96.jpg","contentUrl":"https:\/\/www.lamastore.es\/blog\/wp-content\/uploads\/2024\/10\/Lama-preview-144-96x96.jpg","caption":"Fernando Lama"},"description":"Especializado en el desarrollo y fabricaci\u00f3n de sistemas de filtraci\u00f3n de agua para los sectores agr\u00edcola e industrial. Al frente de Lama Sistemas de Filtrado S.L., su misi\u00f3n es superar las expectativas de los clientes de Lama Store a trav\u00e9s de productos innovadores que reflejen la calidad y el compromiso de nuestra organizaci\u00f3n.","sameAs":["https:\/\/www.linkedin.com\/in\/fernando-lama-49817041\/"],"url":"https:\/\/www.lamastore.es\/blog\/author\/fernando-lama\/"}]}},"_links":{"self":[{"href":"https:\/\/www.lamastore.es\/blog\/wp-json\/wp\/v2\/posts\/300","targetHints":{"allow":["GET"]}}],"collection":[{"href":"https:\/\/www.lamastore.es\/blog\/wp-json\/wp\/v2\/posts"}],"about":[{"href":"https:\/\/www.lamastore.es\/blog\/wp-json\/wp\/v2\/types\/post"}],"author":[{"embeddable":true,"href":"https:\/\/www.lamastore.es\/blog\/wp-json\/wp\/v2\/users\/6"}],"replies":[{"embeddable":true,"href":"https:\/\/www.lamastore.es\/blog\/wp-json\/wp\/v2\/comments?post=300"}],"version-history":[{"count":2,"href":"https:\/\/www.lamastore.es\/blog\/wp-json\/wp\/v2\/posts\/300\/revisions"}],"predecessor-version":[{"id":303,"href":"https:\/\/www.lamastore.es\/blog\/wp-json\/wp\/v2\/posts\/300\/revisions\/303"}],"wp:featuredmedia":[{"embeddable":true,"href":"https:\/\/www.lamastore.es\/blog\/wp-json\/wp\/v2\/media\/193"}],"wp:attachment":[{"href":"https:\/\/www.lamastore.es\/blog\/wp-json\/wp\/v2\/media?parent=300"}],"wp:term":[{"taxonomy":"category","embeddable":true,"href":"https:\/\/www.lamastore.es\/blog\/wp-json\/wp\/v2\/categories?post=300"},{"taxonomy":"post_tag","embeddable":true,"href":"https:\/\/www.lamastore.es\/blog\/wp-json\/wp\/v2\/tags?post=300"}],"curies":[{"name":"wp","href":"https:\/\/api.w.org\/{rel}","templated":true}]}}